{"provider_url": "https://www.altoaraguaia.mt.leg.br", "title": "Resumo da 16\u00aa Sess\u00e3o Ordin\u00e1ria e Solene de 2024", "html": "<p align=\"center\"><b>\u00a0<img src=\"https://www.altoaraguaia.mt.leg.br/imagens/copy_of_dispensadeLicitao5.png/@@images/22d6c1f2-2a4c-48ff-a918-f5ad83094981.png\" alt=\"\" class=\"image-inline\" title=\"\" /></b></p>\r\n<h2 style=\"text-align: center; \"><b><span><br /></span></b></h2>\r\n<h2 style=\"text-align: center; \"><b><span>MAT\u00c9RIAS DO PODER LEGISLATIVO</span></b></h2>\r\n<p align=\"center\"><b><span>\u00a0</span></b></p>\r\n<p><b><span>\u00a0</span></b></p>\r\n<h3><b><span>PROJETO NOVO</span></b></h3>\r\n<p><b><br /></b></p>\r\n<p class=\" \"><b>PROJETO DE DECRETO N\u00ba 006/2024 - \u201c</b>Concede T\u00edtulo de Cidad\u00e3 Araguaiense a Sr.\u00aa Leila Isabel Goergen. <span class=\"visualHighlight\"><em><strong>Aprovado\u00a0</strong></em></span></p>\r\n<p class=\" \"><b> Autoria do Vereador Marcos Nunes.</b></p>\r\n<p><b><span>\u00a0</span></b></p>\r\n<p><b><span>\u00a0</span></b></p>\r\n<h2 style=\"text-align: center; \"><b><span>INDICA\u00c7\u00d5ES / REQUERIMENTO / MO\u00c7\u00c3O</span></b></h2>\r\n<p><b><span>\u00a0</span></b></p>\r\n<p style=\"text-align: justify; \"><b><span>\u00a0</span></b><b>Autoria do Vereador Fabiano do G\u00e1s</b></p>\r\n<p style=\"text-align: justify; \"><b><span>\u00a0</span></b><b>Indica\u00e7\u00e3o n\u00ba 052/2024 </b>- \u201cSolicitando a manuten\u00e7\u00e3o do Terminal Rodovi\u00e1rio de Alto Araguaia.\u201d</p>\r\n<p style=\"text-align: justify; \"><b><span>\u00a0</span></b></p>\r\n<p style=\"text-align: justify; \"><b><span>\u00a0</span></b><b>Autoria do Vereador Silvio Maia</b></p>\r\n<p style=\"text-align: justify; \"><b><span>I</span></b><b>ndica\u00e7\u00e3o n\u00ba 054/2024 </b><b>-</b> \u201cSolicitando que o Poder Executivo, atrav\u00e9s do setor competente, viabilize plantio de \u00e1rvores nas \u00e1reas p\u00fablicas da cidade, e incentive a popula\u00e7\u00e3o sobre a necessidade do plantio em \u00e1reas particulares, realizando projetos de conscientiza\u00e7\u00e3o e arboriza\u00e7\u00e3o<b><i>.\u201d</i></b></p>\r\n<p style=\"text-align: justify; \"><b><span>\u00a0</span></b></p>\r\n<p style=\"text-align: justify; \"><b><span>Autoria do Vereador Renato de Oliveira Lopes</span></b></p>\r\n<p style=\"text-align: justify; \"><b>Mo\u00e7\u00e3o de Aplausos n\u00ba 015/2024 - </b>Ao Servidor P\u00fablico Anderson C\u00e2ndido de Souza aos relevantes servi\u00e7os prestados ao nosso munic\u00edpio\u201d. <span class=\"visualHighlight\"><em><strong>Aprovado</strong></em></span></p>\r\n<p class=\"Standard\" style=\"text-align: justify; \"><b><span>\u00a0</span></b></p>\r\n<p style=\"text-align: justify; \"><b><span>Autoria dos Vereadores Mariana de Souza e Luizinho</span></b></p>\r\n<p style=\"text-align: justify; \"><b>Indica\u00e7\u00e3o n\u00ba 053/2024 </b>- \u201cSugerindo a an\u00e1lise da possibilidade de aumento no efetivo de pessoas para realiza\u00e7\u00e3o da limpeza p\u00fablica urbana\u201d.</p>\r\n<p style=\"text-align: justify; \"><b>Requerimento n\u00ba 024/2024 </b><b>\u2013</b> \u201cPossam encaminhar ao Poder Legislativo Municipal, relat\u00f3rio com informa\u00e7\u00f5es sobre qual a empresa respons\u00e1vel pela Limpeza p\u00fablica do Munic\u00edpio? Em caso de n\u00e3o haver uma empresa contratada, quais as medidas que est\u00e3o sendo tomadas para manuten\u00e7\u00e3o da limpeza p\u00fablica? Quantas pessoas se encontram atualmente \u00e0 disposi\u00e7\u00e3o da limpeza p\u00fablica urbana e quantas tinham \u00e0 \u00e9poca que havia empresa contratada? O que o Munic\u00edpio tem feito para manter a limpeza p\u00fablica urbana? Est\u00e3o sendo multados os donos de terrenos sujos em desacordo com a legisla\u00e7\u00e3o Municipal?\u201d\u00a0<span class=\"visualHighlight\"><em><strong> Aprovado</strong></em></span></p>\r\n<p style=\"text-align: justify; \"><b>\u00a0</b></p>\r\n<p style=\"text-align: justify; \"><b>TEMA LIVRE </b></p>\r\n<p style=\"text-align: justify; \"><b>Foram entregues diversas homenagens (T\u00edtulos de Cidad\u00e3o Araguaiense e Mo\u00e7\u00f5es de Aplauso), propostas pelos vereadores e devidamente aprovadas por unanimidade por todos eles.\u00a0</b></p>\r\n<p style=\"text-align: justify; \"><b>Para conferir as fotografias das entregas das homenagens\u00a0\u00a0<a title=\"\" href=\"https://www.altoaraguaia.mt.leg.br/institucional/fotos\" class=\"internal-link\" target=\"_self\">CLIQUE AQUI.</a></b></p>\r\n<p style=\"text-align: justify; \"><b>\u00a0</b></p>", "author_name": "", "version": "1.0", "author_url": "https://www.altoaraguaia.mt.leg.br/author/adm", "provider_name": "C\u00c2MARA MUNICIPAL DE ALTO ARAGUAIA", "type": "rich"}