{"provider_url": "https://www.altoaraguaia.mt.leg.br", "title": "Campanha do M\u00eas ", "html": "<p><strong><br /></strong></p>\r\n<p style=\"text-align: center; \"><strong><img src=\"https://www.altoaraguaia.mt.leg.br/imagens/EmendasImpositivasApresentao.png/@@images/18dc3501-b0ff-4cf7-94a4-73b5b0d928f4.png\" alt=\"\" class=\"image-inline\" title=\"\" /></strong></p>\r\n<p style=\"text-align: center; \"><strong><br /></strong></p>\r\n<h2 style=\"text-align: center; \"><strong>Fevereiro Roxo e Fevereiro Laranja \u00e9 o m\u00eas de Conscientiza\u00e7\u00e3o e Combate a Doen\u00e7as Importantes!</strong></h2>\r\n<p>\u00a0</p>\r\n<p style=\"text-align: justify; \">Durante o m\u00eas de fevereiro, o Brasil se mobiliza para conscientizar a popula\u00e7\u00e3o sobre duas campanhas de extrema relev\u00e2ncia: o <strong>Fevereiro Roxo</strong> e o <strong>Fevereiro Laranja</strong>. Ambas as campanhas visam chamar a aten\u00e7\u00e3o para doen\u00e7as graves e frequentemente negligenciadas, promovendo a conscientiza\u00e7\u00e3o e incentivando a busca por diagn\u00f3stico precoce, preven\u00e7\u00e3o e tratamento adequado.</p>\r\n<h3 style=\"text-align: center; \"></h3>\r\n<h3 style=\"text-align: center; \">Fevereiro Roxo: Alerta para a Fibromialgina, L\u00fapus e Mal de Alzheimer</h3>\r\n<p style=\"text-align: justify; \">\u00a0</p>\r\n<p style=\"text-align: justify; \">A <strong>fribomialgia</strong>\u00a0<span>\u00a0\u00e9 uma s\u00edndrome cl\u00ednica que se manifesta com dor no corpo todo, principalmente na musculatura. Junto com a dor, a fibromialgia cursa com sintomas de fadiga (cansa\u00e7o), sono n\u00e3o reparador (a pessoa acorda cansada) e outros sintomas como altera\u00e7\u00f5es de mem\u00f3ria e aten\u00e7\u00e3o, ansiedade, depress\u00e3o e altera\u00e7\u00f5es intestinais. Uma caracter\u00edstica da pessoa com FM \u00e9 a grande sensibilidade ao toque e \u00e0 compress\u00e3o da musculatura</span></p>\r\n<p style=\"text-align: justify; \">J\u00e1 o <strong>l\u00fapus</strong> \u00e9 uma doen\u00e7a autoimune que pode afetar diversos \u00f3rg\u00e3os e sistemas do corpo, causando inflama\u00e7\u00f5es. Como seus sintomas s\u00e3o variados e podem ser confundidos com outras condi\u00e7\u00f5es, a conscientiza\u00e7\u00e3o sobre a doen\u00e7a \u00e9 fundamental para um diagn\u00f3stico r\u00e1pido e um tratamento eficaz. O Fevereiro Roxo visa mostrar a import\u00e2ncia de reconhecer sinais precoces e entender que o tratamento adequado pode melhorar a qualidade de vida dos pacientes.</p>\r\n<p style=\"text-align: justify; \"><span>A\u00a0</span><strong>Doen\u00e7a de Alzheimer (DA)</strong><span>\u00a0\u00e9 um\u00a0</span><span>transtorno neurodegenerativo progressivo</span><span>\u00a0e fatal que se manifesta pela deteriora\u00e7\u00e3o cognitiva e da mem\u00f3ria, comprometimento progressivo das atividades de vida di\u00e1ria e uma variedade de sintomas neuropsiqui\u00e1tricos e de altera\u00e7\u00f5es comportamentais. A doen\u00e7a instala-se quando o processamento de certas prote\u00ednas do sistema nervoso central come\u00e7a a dar errado.\u00a0Surgem, ent\u00e3o, fragmentos de prote\u00ednas mal cortadas, t\u00f3xicas, dentro dos neur\u00f4nios e nos espa\u00e7os que existem entre eles. Como consequ\u00eancia dessa toxicidade, ocorre perda progressiva de neur\u00f4nios em certas regi\u00f5es do c\u00e9rebro, como o hipocampo, que controla a mem\u00f3ria, e o c\u00f3rtex cerebral, essencial para a linguagem e o racioc\u00ednio, mem\u00f3ria, reconhecimento de est\u00edmulos sensoriais e pensamento abstrato.</span></p>\r\n<h3 style=\"text-align: center; \"></h3>\r\n<h3 style=\"text-align: center; \">Fevereiro Laranja: Combate \u00e0 Leucemia e Conscientiza\u00e7\u00e3o sobre a doa\u00e7\u00e3o da Medula \u00d3ssea</h3>\r\n<p>\u00a0</p>\r\n<p style=\"text-align: justify; \">\u00c9 voltado para a conscientiza\u00e7\u00e3o sobre a <strong>leucemia</strong>, um tipo de c\u00e2ncer que afeta as c\u00e9lulas sangu\u00edneas. A campanha busca alertar sobre a import\u00e2ncia do diagn\u00f3stico precoce, j\u00e1 que quanto mais cedo a leucemia for detectada, maiores s\u00e3o as chances de sucesso no tratamento.</p>\r\n<p style=\"text-align: justify; \">A <strong>leucemia</strong> pode atingir pessoas de todas as idades, e os sintomas iniciais podem ser confundidos com outras doen\u00e7as, como febre, cansa\u00e7o e dores nos ossos. Por isso, a mobiliza\u00e7\u00e3o de fevereiro \u00e9 essencial para educar a popula\u00e7\u00e3o sobre os sinais da doen\u00e7a e a import\u00e2ncia da realiza\u00e7\u00e3o de exames m\u00e9dicos regulares, al\u00e9m de incentivar a doa\u00e7\u00e3o de sangue e medula \u00f3ssea, que s\u00e3o fundamentais no tratamento de pacientes com leucemia.</p>\r\n<h3 style=\"text-align: center; \">A Import\u00e2ncia da Conscientiza\u00e7\u00e3o</h3>\r\n<p>\u00a0</p>\r\n<p style=\"text-align: justify; \">Tanto o <strong>Fevereiro Roxo</strong> quanto o <strong>Fevereiro Laranja</strong> t\u00eam como objetivo aumentar o conhecimento da sociedade sobre condi\u00e7\u00f5es que, apesar de impactarem muitas pessoas, ainda enfrentam falta de compreens\u00e3o e visibilidade. Essas campanhas desempenham um papel crucial na luta contra o preconceito, promovendo um di\u00e1logo aberto sobre doen\u00e7as e incentivando a busca por tratamento adequado.</p>\r\n<p style=\"text-align: justify; \">Al\u00e9m disso, as campanhas s\u00e3o uma oportunidade para destacar a import\u00e2ncia da preven\u00e7\u00e3o, do diagn\u00f3stico precoce e da continuidade do tratamento. Com um diagn\u00f3stico precoce e cuidados adequados, \u00e9 poss\u00edvel melhorar a qualidade de vida e garantir uma maior chance de recupera\u00e7\u00e3o para os pacientes.</p>\r\n<p style=\"text-align: justify; \">Em fevereiro, a cor roxa e a cor laranja ganham destaque, simbolizando o apoio e a solidariedade \u00e0s pessoas que convivem com essas doen\u00e7as. As campanhas tamb\u00e9m s\u00e3o um lembrete de que, ao compartilhar informa\u00e7\u00f5es e apoiar o movimento, podemos ajudar a construir uma sociedade mais informada, emp\u00e1tica e inclusiva.</p>", "author_name": "", "version": "1.0", "author_url": "https://www.altoaraguaia.mt.leg.br/author/adm", "provider_name": "C\u00c2MARA MUNICIPAL DE ALTO ARAGUAIA", "type": "rich"}