{"provider_url": "https://www.altoaraguaia.mt.leg.br", "title": "Conscientiza\u00e7\u00e3o do Autismo", "html": "<p style=\"text-align: center; \"><img src=\"https://www.altoaraguaia.mt.leg.br/imagens/ComunicadoFeedApresentao10.png/@@images/81c3f9ec-32c9-48ba-b7a2-244f0714f53d.png\" alt=\"\" class=\"image-inline\" title=\"\" /></p>\r\n<p style=\"text-align: justify; \">O\u00a0<span>autismo</span>\u00a0\u00e9 um importante dist\u00farbio do desenvolvimento humano que afeta consideravelmente a capacidade de comunica\u00e7\u00e3o, intera\u00e7\u00e3o social e o uso da imagina\u00e7\u00e3o.</p>\r\n<p style=\"text-align: justify; \">Por muito tempo, acreditou-se que o autismo era causado pelo comportamento da m\u00e3e, que n\u00e3o forneceria afeto ao filho, por\u00e9m atualmente, sabemos que \u00e9 um transtorno multifatorial, afetando principalmente a comunica\u00e7\u00e3o, intera\u00e7\u00e3o social e uso da imagina\u00e7\u00e3o.</p>\r\n<p style=\"text-align: justify; \">Cada indiv\u00edduo autista tem suas peculiardidades, mas algumas manifesta\u00e7\u00f5es s\u00e3o comuns:</p>\r\n<p style=\"text-align: justify; \"><strong>Atraso no desenvolvimento</strong>: O beb\u00ea n\u00e3o se desenvolve como a maioria das outras crian\u00e7as, n\u00e3o imita gestos e n\u00e3o se comunica.</p>\r\n<p style=\"text-align: justify; \"><strong>Isolamento social</strong>: A crian\u00e7a n\u00e3o procura o contato ocular e tem dificuldade em estabelecer amizades.</p>\r\n<p style=\"text-align: justify; \"><strong>Comportamentos repetitivos</strong>: Movimentos repetitivos, h\u00e1bitos de morder roupas ou puxar cabelos.</p>\r\n<p style=\"text-align: justify; \"><strong>Dificuldade de comunica\u00e7\u00e3o</strong>: Alguns autistas nunca falam.</p>\r\n<p style=\"text-align: justify; \"><strong>Indiferen\u00e7a afetiva ou demonstra\u00e7\u00e3o inapropriada de afeto</strong>.</p>\r\n<p style=\"text-align: justify; \">Menos de 5% dos autistas apresentam altas habilidades, destacando-se em matem\u00e1tica, artes e mem\u00f3ria. As causas dessas altas habilidades ainda s\u00e3o desconhecidas.</p>\r\n<p style=\"text-align: justify; \">\u00c9 fundamental compreender o autismo, procurar acompanhamento profissional adequado para melhorar a qualidade de vida das crian\u00e7as e pessoas afetadas por esse dist\u00farbio.</p>\r\n<p style=\"text-align: justify; \">O dia 2 de abril, foi a data escolhida para o Dia Mundial da Conscientiza\u00e7\u00e3o do Autismo. Essa data tem como objetivo informar e sensibilizar a popula\u00e7\u00e3o sobre o transtorno do espectro autista (TEA) e promover a inclus\u00e3o das pessoas com autismo em todos os setores da sociedade.</p>\r\n<p style=\"text-align: justify; \">\u00c9 importante que todos n\u00f3s, como sociedade, saibamos reconhecer e respeitar as diferen\u00e7as e particularidades de cada pessoa com autismo. Devemos trabalhar juntos para criar um ambiente inclusivo e acolhedor para todos.</p>\r\n<p style=\"text-align: justify; \">Em Alto Araguaia o dia da Conscientiza\u00e7\u00e3o do Autismo ser\u00e1 comemorado com a 1\u00aa Caminhada Azul, que acontecer\u00e1 no dia 06/04/2024 (S\u00e1bado), pela manh\u00e3 \u00e0s 8hs, na pra\u00e7a Ant\u00f4nio Silv\u00e9rio da Costa, no bairro Boiadeiro.</p>\r\n<p style=\"text-align: justify; \">A C\u00e2mara Municipal de Alto Araguaia apoia esta causa! Seja consciente e aprenda incluir, em meio a uma sociedade t\u00e3o diversificada!!</p>", "author_name": "", "version": "1.0", "author_url": "https://www.altoaraguaia.mt.leg.br/author/adm", "provider_name": "C\u00c2MARA MUNICIPAL DE ALTO ARAGUAIA", "type": "rich"}