{"provider_url": "https://www.altoaraguaia.mt.leg.br", "title": "Dia Nacional da Consci\u00eancia Negra", "html": "<p style=\"text-align: center; \"><img src=\"https://www.altoaraguaia.mt.leg.br/imagens/copy_of_AudienciaApresentao.png/@@images/061b66b3-90f7-4a98-827c-09722d662ac9.png\" alt=\"\" class=\"image-inline\" title=\"\" /></p>\r\n<p style=\"text-align: center; \">\u00a0</p>\r\n<h3 style=\"text-align: center; \" data-start=\"122\" data-end=\"246\"><strong data-start=\"126\" data-end=\"246\">Dia Nacional da Consci\u00eancia Negra deve ser celebrado com reflex\u00f5es sobre igualdade e valoriza\u00e7\u00e3o da cultura afro-brasileira</strong></h3>\r\n<p><strong data-start=\"126\" data-end=\"246\"><br /></strong></p>\r\n<p style=\"text-align: justify; \" data-start=\"248\" data-end=\"606\">O <strong data-start=\"250\" data-end=\"287\">Dia Nacional da Consci\u00eancia Negra</strong>, celebrado anualmente em <strong data-start=\"313\" data-end=\"331\">20 de novembro</strong>, destaca a import\u00e2ncia da valoriza\u00e7\u00e3o da cultura afro-brasileira, do combate ao racismo e da promo\u00e7\u00e3o da igualdade racial em todo o pa\u00eds. A data marca a mem\u00f3ria de <strong data-start=\"496\" data-end=\"518\">Zumbi dos Palmares</strong>, l\u00edder do Quilombo dos Palmares e s\u00edmbolo da resist\u00eancia contra a escravid\u00e3o no Brasil.</p>\r\n<p style=\"text-align: justify; \" data-start=\"608\" data-end=\"1021\">Em Alto Araguaia, a C\u00e2mara Municipal refor\u00e7a a relev\u00e2ncia do di\u00e1logo e da conscientiza\u00e7\u00e3o sobre o tema, reconhecendo que a constru\u00e7\u00e3o de uma sociedade mais justa passa pelo respeito \u00e0s diferentes identidades que formam a popula\u00e7\u00e3o brasileira. A data convida toda a comunidade a refletir sobre os avan\u00e7os e desafios ainda existentes no enfrentamento ao preconceito e na garantia de oportunidades iguais para todos.</p>\r\n<p style=\"text-align: justify; \" data-start=\"1023\" data-end=\"1429\">A trajet\u00f3ria do povo negro faz parte das bases hist\u00f3ricas, culturais e econ\u00f4micas do pa\u00eds. Suas contribui\u00e7\u00f5es est\u00e3o presentes na arte, na educa\u00e7\u00e3o, na culin\u00e1ria, na ci\u00eancia, na m\u00fasica, nos movimentos sociais e em diversos setores que moldam a identidade nacional. Celebrar o Dia da Consci\u00eancia Negra \u00e9, portanto, reconhecer essa influ\u00eancia e reafirmar o compromisso com pol\u00edticas de inclus\u00e3o e valoriza\u00e7\u00e3o.</p>\r\n<p style=\"text-align: justify; \" data-start=\"1431\" data-end=\"1778\">A <strong>C\u00e2mara Municipal de Alto Araguaia</strong> destaca que o fortalecimento da igualdade racial depende de a\u00e7\u00f5es cont\u00ednuas, da participa\u00e7\u00e3o da sociedade e do incentivo a debates que promovam mais conhecimento, empatia e respeito. A data \u00e9 tamb\u00e9m uma oportunidade para reafirmar o compromisso com um munic\u00edpio que acolhe, respeita e valoriza todas as pessoas.</p>", "author_name": "", "version": "1.0", "author_url": "https://www.altoaraguaia.mt.leg.br/author/adm", "provider_name": "C\u00c2MARA MUNICIPAL DE ALTO ARAGUAIA", "type": "rich"}