{"provider_url": "https://www.altoaraguaia.mt.leg.br", "title": "MAIO LARANJA", "html": "<div class=\"content\">\r\n<div class=\"ac-container ac-adaptiveCard\">\r\n<div class=\"ac-textBlock\">\r\n<p><img src=\"https://www.altoaraguaia.mt.leg.br/imagens/ComunicadoFeedApresentao.png/@@images/b33b77fe-6862-498c-bece-9d33e236b8f1.png\" alt=\"\" class=\"image-inline\" title=\"\" /></p>\r\n<p style=\"text-align: justify; \">O combate ao abuso e \u00e0 explora\u00e7\u00e3o sexual infantil \u00e9 uma quest\u00e3o de extrema import\u00e2ncia. No Brasil, a problem\u00e1tica da explora\u00e7\u00e3o sexual infantil engloba diversos fatores, especialmente o social, o cultural e o financeiro.</p>\r\n<p style=\"text-align: justify; \">A explora\u00e7\u00e3o sexual ocorre quando a crian\u00e7a \u00e9 explorada para fins sexuais, nas circunst\u00e2ncias de escravid\u00e3o, turismo sexual ou outras formas de abuso, como a exposi\u00e7\u00e3o a materiais pornogr\u00e1ficos e viola\u00e7\u00f5es dentro do contexto familiar.</p>\r\n<p style=\"text-align: justify; \">Segundo a Organiza\u00e7\u00e3o Mundial da Sa\u00fade, dos 204 milh\u00f5es de crian\u00e7as com menos de 18 anos, 9,6% sofrem explora\u00e7\u00e3o sexual, 22,9% s\u00e3o v\u00edtimas de abuso f\u00edsico e 29,1% t\u00eam danos emocionais. No Brasil, a cada 24 horas, 320 crian\u00e7as e adolescentes s\u00e3o explorados sexualmente.</p>\r\n<p style=\"text-align: justify; \">O m\u00eas de maio \u00e9 nacionalmente conhecido como <strong>Maio Laranja</strong>, per\u00edodo de enfrentamento e preven\u00e7\u00e3o do abuso e da explora\u00e7\u00e3o sexual de crian\u00e7as e adolescentes. Especificamente, 18 de maio \u00e9 o Dia Nacional de Combate ao Abuso e \u00e0 Explora\u00e7\u00e3o Sexual de Crian\u00e7as e Adolescentes.</p>\r\n<p style=\"text-align: justify; \">O Governo Federal desenvolve uma s\u00e9rie de a\u00e7\u00f5es de enfrentamento \u00e0 viol\u00eancia, como o<strong> Programa Nacional de Enfrentamento da Viol\u00eancia contra Crian\u00e7as e Adolescentes (PNEVCA)</strong>, institu\u00eddo por decreto assinado pelo presidente da Rep\u00fablica.</p>\r\n<p style=\"text-align: justify; \">\u00c9 urgente discutir e combater esse preocupante cen\u00e1rio. Todos n\u00f3s podemos fazer a diferen\u00e7a nessa luta, seja atrav\u00e9s da den\u00fancia de casos suspeitos, da educa\u00e7\u00e3o e conscientiza\u00e7\u00e3o sobre o tema, ou do apoio a organiza\u00e7\u00f5es que trabalham para proteger as crian\u00e7as e adolescentes.</p>\r\n</div>\r\n<div class=\"ac-horizontal-separator\" style=\"text-align: center; \"><strong>N\u00c3O</strong> fique calado!! <strong>DENUNCIE</strong>!!</div>\r\n</div>\r\n</div>", "author_name": "", "version": "1.0", "author_url": "https://www.altoaraguaia.mt.leg.br/author/adm", "provider_name": "C\u00c2MARA MUNICIPAL DE ALTO ARAGUAIA", "type": "rich"}