{"provider_url": "https://www.altoaraguaia.mt.leg.br", "title": "Resumo da 10\u00aa Sess\u00e3o Ordin\u00e1ria de 2024.", "html": "<h2 style=\"text-align: center; \"></h2>\r\n<h2 style=\"text-align: center; \"><img src=\"https://www.altoaraguaia.mt.leg.br/imagens/copy2_of_dispensadeLicitao14.png/@@images/f2d9c0de-0ea9-4485-a8b6-49bf9976a800.png\" alt=\"\" class=\"image-inline\" title=\"\" /></h2>\r\n<h2 style=\"text-align: center; \"></h2>\r\n<h2 style=\"text-align: center; \"></h2>\r\n<h2 style=\"text-align: center; \">MAT\u00c9RIAS DO PODER EXECUTIVO</h2>\r\n<p>\u00a0</p>\r\n<h3 style=\"text-align: justify; \">PROJETO NOVO</h3>\r\n<h3></h3>\r\n<p class=\" \"><strong>Projeto de Lei n\u00ba20/2025 -</strong> \"Disp\u00f5e sobre a pol\u00edtica tarif\u00e1ria de \u00e1gua e esgoto e coleta de lixo do munic\u00edpio de Alto Araguaia - MT e d\u00e1 outras provid\u00eancias\". <span class=\"visualHighlight\"><em><strong>Encaminhado em regime de tramita\u00e7\u00e3o normal.</strong></em></span></p>\r\n<p style=\"text-align: justify; \">\u00a0</p>\r\n<h2 style=\"text-align: center; \">MAT\u00c9RIAS DO PODER LEGISLATIVO</h2>\r\n<p>\u00a0</p>\r\n<p style=\"text-align: justify; \"><strong>Projeto de Lei n\u00ba9/2025 -</strong> \"Institui o Programa \" ADOTE UMA LIXEIRA\", no munic\u00edpio de Alto Araguaia e d\u00e1 outras provid\u00eancias\". <span class=\"visualHighlight\"><em><strong>Encaminhado em regime de tramita\u00e7\u00e3o normal.</strong></em></span></p>\r\n<p style=\"text-align: justify; \"><strong>Projeto de Decreto n\u00ba1/2025 -</strong> \"Concede t\u00edtulo de cidad\u00e3o Araguaiense ao TENENTE CORONEL PM WILLYAM BECKER DEMARTINI\u201d. <span class=\"visualHighlight\"><em><strong>Encaminhado em regime de tramita\u00e7\u00e3o normal.</strong></em></span></p>\r\n<p style=\"text-align: justify; \">\u00a0</p>\r\n<h2 style=\"text-align: justify; \">INDICA\u00c7\u00d5ES/MO\u00c7\u00d5ES</h2>\r\n<p style=\"text-align: justify; \">\u00a0</p>\r\n<p style=\"text-align: justify; \"><strong>Autoria vereadora Martha Maia</strong></p>\r\n<p style=\"text-align: justify; \"><strong>Indica\u00e7\u00e3o n\u00ba53/2025 -</strong>\u00a0Indica que interceda junto a OS - Instituto Santa Rosa, para que seja providenciada uma impressora de Raio X. <span class=\"visualHighlight\"><em><strong>Lida e encaminhada.\u00a0</strong></em></span></p>\r\n<p style=\"text-align: justify; \"><strong>Autoria vereadora Martha Maia e demais vereadores</strong></p>\r\n<p style=\"text-align: justify; \"><strong>Mo\u00e7\u00e3o de Aplausos n\u00ba6/2025 -</strong>\u00a0Mo\u00e7\u00e3o de aplausos ao Dr. Marcelo Barbosa Luckmeyer Melo, pelos relevantes servi\u00e7os prestados \u00e0 comunidade de Alto Araguaia na \u00e1rea da sa\u00fade, em especial pela instala\u00e7\u00e3o de modernos equipamentos de Densitometria \u00f3ssea e tomografia. <span class=\"visualHighlight\"><em><strong>Aprovada.</strong></em></span></p>\r\n<p style=\"text-align: justify; \">\u00a0</p>\r\n<p style=\"text-align: justify; \"><strong>Autoria vereador Regis de Oliveira</strong></p>\r\n<p style=\"text-align: justify; \"><strong>Indica\u00e7\u00e3o n\u00ba54/2025 -</strong>\u00a0\u201cSugerindo que seja feita uma divis\u00e3o na equipe de limpeza, destinando um grupo exclusivamente para manuten\u00e7\u00e3o dos espa\u00e7os p\u00fablicos, como exemplo: quadras de esportes, parque ecol\u00f3gicos e lugares tur\u00edsticos do mun\u00edcipio de Alto Araguaia - MT\u201d. <span class=\"visualHighlight\"><em><strong>Lida e encaminhada.</strong></em></span></p>\r\n<p style=\"text-align: justify; \">\u00a0</p>\r\n<p style=\"text-align: justify; \"><strong>Autoria vereador Fabiano do G\u00e1s</strong></p>\r\n<p style=\"text-align: justify; \"><strong>Indica\u00e7\u00e3o n\u00ba55/2025 -</strong>\u00a0\u201cSolicitar instala\u00e7\u00e3o de postes de ilumina\u00e7\u00e3o p\u00fablica na travessia do Caminho das \u00c1guas\u201d. <span class=\"visualHighlight\"><em><strong>Lida e encaminhada.</strong></em></span></p>\r\n<p style=\"text-align: justify; \"><strong>Indica\u00e7\u00e3o n\u00ba56/2025 -</strong>\u00a0\u201cSolicitar que seja realizado a manuten\u00e7\u00e3o na quadra de areia e no campo sint\u00e9tico da quadra poliesportiva localizada na Pra\u00e7a Antonio Silv\u00e9rio da Costa (Pra\u00e7a do Boiadeiro)\u201d. <span class=\"visualHighlight\"><em><strong>Lida e encaminhada.</strong></em></span></p>\r\n<p style=\"text-align: justify; \">\u00a0</p>\r\n<p style=\"text-align: justify; \"><strong>Autoria vereador Ricardo Barbosa</strong></p>\r\n<p style=\"text-align: justify; \"><strong>Mo\u00e7\u00e3o de Aplausos n\u00ba5/2025 -</strong>\u00a0\u201cMo\u00e7\u00e3o de Aplausos e Congratula\u00e7\u00f5es ao Tenente Coronel PM Willyam Becker Demartini que atua como Comandante da 15\u00b0 BPM de Alto Araguaia-MT\u201d. <span class=\"visualHighlight\"><em><strong>Lida e encaminhada.</strong></em></span></p>\r\n<p style=\"text-align: justify; \">\u00a0</p>\r\n<p style=\"text-align: justify; \"><strong>Autoria vereadora Polleyka Fraga</strong></p>\r\n<p style=\"text-align: justify; \"><strong>Indica\u00e7\u00e3o n\u00ba57/2025 -</strong>\u00a0\u00a8Solicitando a demarca\u00e7\u00e3o de faixas de pedestres em frente a empresa Vapt Vupt g\u00e1s e ao Banco do Brasil, na AV. Carlos Hugueney, Trecho da BR 364, no munic\u00edpio de Alto-Araguaia-MT\". <span class=\"visualHighlight\"><em><strong>Lida e encaminhada.</strong></em></span></p>\r\n<p style=\"text-align: justify; \"><strong>Autoria vereadora Polleyka Fraga e demais vereadores</strong></p>\r\n<p style=\"text-align: justify; \"><strong>Mo\u00e7\u00e3o de Apoio n\u00ba3/2025 -</strong>\u00a0MO\u00c7\u00c3O DE APOIO pelo falecimento de Everton OTT. <span class=\"visualHighlight\"><em><strong>Aprovada.</strong></em></span></p>\r\n<p style=\"text-align: justify; \"><strong>Mo\u00e7\u00e3o de Apoio n\u00ba4/2025 -\u00a0</strong>MO\u00c7\u00c3O DE APOIO pelo falecimento de Lara Cristina Rezende Saraiva.<strong> <span class=\"visualHighlight\"><em>Aprovada.</em></span></strong></p>\r\n<p style=\"text-align: justify; \">\u00a0</p>\r\n<p style=\"text-align: justify; \"><strong>Autoria vereador Bruno Peron</strong></p>\r\n<p style=\"text-align: justify; \"><strong>Indica\u00e7\u00e3o n\u00ba58/2025 -</strong>\u00a0\"Solicitar a implementa\u00e7\u00e3o e cumprimento da Lei Municipal n\u00ba 2.838/2011, que estabelece o regime de m\u00e3o \u00fanica para o tr\u00e1fego de Ve\u00edculos nas vias situadas nas proximidades de estabelecimentos de Ensino, visando a melhoria da seguran\u00e7a no tr\u00e2nsito e a preserva\u00e7\u00e3o da integridade f\u00edsica de alunos, professores e demais membros da comunidade escolar.\u2019\u2019<span class=\"visualHighlight\"><em><strong> Lida e encaminhada.</strong></em></span></p>\r\n<p style=\"text-align: justify; \"><strong>Autoria vereador Bruno Peron e demais vereadores</strong></p>\r\n<p style=\"text-align: justify; \"><strong>Mo\u00e7\u00e3o de Apoio n\u00ba5/2025 -\u00a0</strong>MO\u00c7\u00c3O DE APOIO pelo falecimento do Dr. Fabr\u00edcio Martins Campos Freitas, dentista de carreira do munic\u00edpio desde 09 de maio de 2013. <span class=\"visualHighlight\"><em><strong>Aprovada.</strong></em></span></p>", "author_name": "", "version": "1.0", "author_url": "https://www.altoaraguaia.mt.leg.br/author/adm", "provider_name": "C\u00c2MARA MUNICIPAL DE ALTO ARAGUAIA", "type": "rich"}