{"provider_url": "https://www.altoaraguaia.mt.leg.br", "title": "Resumo da 11\u00aa Sess\u00e3o Ordin\u00e1ria", "html": "<h2 style=\"text-align: center; \"><b><span><img src=\"https://www.altoaraguaia.mt.leg.br/imagens/dispensadeLicitao18.png/@@images/00cd4c9d-83ce-40b7-aa50-d8568d5d2637.png\" alt=\"\" class=\"image-inline\" title=\"\" /></span></b></h2>\r\n<h2 style=\"text-align: center; \"><b><span><br /></span></b></h2>\r\n<h2 style=\"text-align: center; \"><b><span>MAT\u00c9RIAS DO PODER EXECUTIVO</span></b></h2>\r\n<p><b><span>\u00a0</span></b></p>\r\n<h3><b><span>PROJETO NOVO</span></b></h3>\r\n<p><b><span><br /></span></b></p>\r\n<p style=\"text-align: justify; \"><b>PROJETO DE LEI DO EXECUTIVO N\u00ba 016 /2024 \u2013</b> \u201cDisp\u00f5e sobre a abertura de Cr\u00e9dito Adicional Especial no Or\u00e7amento do Exerc\u00edcio de 2024, lei n\u00ba 4551 de 12 de dezembro de 2023\u201d. <span class=\"visualHighlight\"><em><strong>Aprovado em regime de urg\u00eancia especial</strong></em></span></p>\r\n<p><b><span><br /></span></b></p>\r\n<h3><b><span>PROJETO DEVOLVIDO DAS COMISS\u00d5ES</span></b></h3>\r\n<p><b><span>\u00a0</span></b></p>\r\n<p style=\"text-align: justify; \"><b>PROJETO DE LEI DO EXECUTIVO N\u00ba 12/2024 \u2013</b> \u201cEstabelece o Plano de Carreira, Cargo e Remunera\u00e7\u00e3o dos Agentes Comunit\u00e1rios de Sa\u00fade e Agentes de Combate a Endemias, do Munic\u00edpio de Alto Araguaia \u2013 MT\u201d.<span class=\"visualHighlight\"><em><strong> Aprovado</strong></em></span></p>\r\n<p><b><span>\u00a0</span></b></p>\r\n<h2 style=\"text-align: center; \"><b><span>MAT\u00c9RIAS DO PODER LEGISLATIVO</span></b></h2>\r\n<p align=\"center\"><b><span>\u00a0</span></b></p>\r\n<p><b>PROPOSTA DE EMENDA \u00c0 LEI ORG\u00c2NICA N\u00ba 001/2024. </b><span class=\"visualHighlight\"><em><strong>Encaminhado \u00e0s Comiss\u00f5es competentes.</strong></em></span></p>\r\n<p><b>Autoria de todos os vereadores</b></p>\r\n<h3><b>\u00a0</b></h3>\r\n<h3><b>PROJETO DEVOLVIDO DAS COMISS\u00d5ES</b></h3>\r\n<p><b>\u00a0</b></p>\r\n<p><b>PROJETO DE LEI DO LEGISLATIVO N\u00ba 004/2024 -</b> \u201cAltera o nome da Rua Marechal Eurico Gaspar Dutra para Rua <em>Pedro Lopes de Rezende</em>\u201d. <span class=\"visualHighlight\"><em><strong>Aprovado</strong></em></span></p>\r\n<p><b>Autoria do Vereador Marilzan Nunes da Costa.</b></p>\r\n<p><b>\u00a0</b></p>\r\n<h2 style=\"text-align: center; \"><b><span>INDICA\u00c7\u00d5ES / REQUERIMENTO / MO\u00c7\u00d5ES</span></b></h2>\r\n<p><b><span>\u00a0</span></b></p>\r\n<p><b><span></span></b><b>Autoria do Vereador Fabiano do G\u00e1s</b></p>\r\n<p style=\"text-align: justify; \"><b>Indica\u00e7\u00e3o n\u00ba 040/2024 - \u201c</b>Solicitando a limpeza, manuten\u00e7\u00e3o e retirada de enxames de abelhas do Cemit\u00e9rio Municipal Janu\u00e1rio Fraga de Faria\u201d.</p>\r\n<p style=\"text-align: justify; \"><b><br /></b></p>\r\n<p style=\"text-align: justify; \"><b>Autoria do Vereador Marcos Nunes</b></p>\r\n<p style=\"text-align: justify; \"><b>Requerimento n\u00ba 016/2024 </b>\u2013<b> </b>Requeiro Informa\u00e7\u00f5es se, \u201cO concurso para o cargo de Monitor de Desenvolvimento Infantil fora exigido qual n\u00edvel de escolaridade? N\u00edvel m\u00e9dio ou n\u00edvel fundamental?\u201d \u201cAtualmente, em qual tabela de progress\u00e3o est\u00e1 inserido o cargo de Monitor de Desenvolvimento Infantil? Na tabela de cargos de n\u00edvel fundamental ou de n\u00edvel m\u00e9dio?\u201d \u201cPor qual motivo a tabela de progress\u00e3o do cargo de Monitor s\u00f3 vai at\u00e9 a Classe C?\u201d <span class=\"visualHighlight\"><em><strong>Aprovado</strong></em></span>\u00a0</p>\r\n<p style=\"text-align: justify; \"><b><span>\u00a0</span></b></p>\r\n<p><b><span>Autoria do Vereador Fabiano do G\u00e1s</span></b><b></b></p>\r\n<p style=\"text-align: justify; \"><b>Mo\u00e7\u00e3o de Aplausos n\u00ba 007/2024 \u2013 </b>Ao Servidor P\u00fablico Sr. Marcelo de Freitas Passos, pelos servi\u00e7os prestados com dedica\u00e7\u00e3o aos mun\u00edcipes de Alto Araguaia. <span class=\"visualHighlight\"><em><strong>Aprovado</strong></em></span></p>\r\n<p><b><span>\u00a0</span></b></p>\r\n<p><b><span>Autoria da Vereadora Mar\u00edlia Maia Rabello</span></b></p>\r\n<p><b>Mo\u00e7\u00e3o de Aplausos n\u00ba 008/2024</b> - Ao Sr. Manoel Eduardo dos Santos, conhecido como \u201cMadruga\u201d.<span class=\"visualHighlight\"><em><strong> Aprovado</strong></em></span></p>\r\n<p><b><span>\u00a0</span></b></p>\r\n<p><b><span>Autoria da Vereadora Mariana de Souza</span></b></p>\r\n<p style=\"text-align: justify; \"><b>Indica\u00e7\u00e3o n\u00ba 039/2024 - </b>\u201cSolicitando a abertura de mais uma sala para o Pr\u00e9 I na Escola Adalcy da Concei\u00e7\u00e3o Rodrigues, pois a mesma se encontra super lotada\u201d.</p>\r\n<p style=\"text-align: justify; \"><b>Requerimento n\u00ba 017/2024 \u2013 </b>Requeiro Informa\u00e7\u00f5es se,<b> \u201c</b>Fora feito os repasses financeiros provenientes das emendas impositivas, estabelecidas no artigo 78A da Lei Org\u00e2nica do munic\u00edpio de Alto Araguaia para as seguintes associa\u00e7\u00f5es sem fins lucrativos: associa\u00e7\u00e3o sem fins lucrativos \u2013 Associa\u00e7\u00e3o da Gabiroba?<b> </b>Associa\u00e7\u00e3o sem fins lucrativos \u2013 APAE? Associa\u00e7\u00e3o sem fins lucrativos \u2013 Asilo Tia Nega? \u201cCaso n\u00e3o tenha feito, qual prazo para efetiva\u00e7\u00e3o das Emendas Impositivas?<b> \u201c</b>Existe impedimento de ordem t\u00e9cnica que justifique, de forma legal, o n\u00e3o cumprimento das mesmas? <span class=\"visualHighlight\"><em><strong>Aprovado</strong></em></span></p>\r\n<p style=\"text-align: justify; \"><b>Mo\u00e7\u00e3o de Aplausos n\u00ba 009/2024 \u2013 </b>Aos membros do Projeto Social CAAA <b>(Crian\u00e7as Autistas de Alto Araguaia). <span class=\"visualHighlight\"><em>Aprovado</em></span></b></p>\r\n<h2></h2>\r\n<h2></h2>\r\n<h2>Tema Livre</h2>\r\n<p>\u00a0</p>\r\n<p style=\"text-align: justify; \">No tema livre, foi entregue Mo\u00e7\u00e3o de Aplausos ao Sr, Jo\u00e3o Roberto Ferreira, mais conhecido como Betinho, em homenagem aos relevantes servi\u00e7os prestados \u00e0s comunidades do Rio do Peixe e Col\u00f4nia do Ariranha, al\u00e9m de ser um exemplo cidad\u00e3o na presta\u00e7\u00e3o de servi\u00e7os ao pr\u00f3ximo, especialmente aos que mais precisam, pessoa muito querida por seus amigos e fam\u00edlia.</p>\r\n<p>\u00a0</p>\r\n<p>\u00a0</p>\r\n<p>\u00a0</p>\r\n<p>\u00a0</p>", "author_name": "", "version": "1.0", "author_url": "https://www.altoaraguaia.mt.leg.br/author/adm", "provider_name": "C\u00c2MARA MUNICIPAL DE ALTO ARAGUAIA", "type": "rich"}