{"provider_url": "https://www.altoaraguaia.mt.leg.br", "title": "Resumo da 13\u00aa Sess\u00e3o Ordin\u00e1ria de 2024.", "html": "<h2 style=\"text-align: center; \"><b><span><img src=\"https://www.altoaraguaia.mt.leg.br/imagens/copy2_of_9.png/@@images/e15db452-24a2-4ed7-8388-bd31756f192c.png\" alt=\"\" class=\"image-inline\" title=\"\" /></span></b></h2>\r\n<p><b><span><br /></span></b></p>\r\n<h2 style=\"text-align: center; \"><b><span>MAT\u00c9RIAS DO PODER EXECUTIVO</span></b></h2>\r\n<p style=\"text-align: justify; \"><b><span>\u00a0</span></b></p>\r\n<h3 style=\"text-align: justify; \"><b><span>PROJETO NOVO</span></b></h3>\r\n<p style=\"text-align: justify; \"><b><span><br /></span></b></p>\r\n<p style=\"text-align: justify; \"><b>PROJETO DE LEI DO EXECUTIVO N\u00ba 017/2024 \u2013 \u201c</b>Disp\u00f5e sobre a desafeta\u00e7\u00e3o de bem p\u00fablico e utiliza\u00e7\u00e3o deste espa\u00e7o e lote para compensar propriet\u00e1rios anteriormente devido ao comprometimento de seus terrenos que tiveram seu espa\u00e7o utilizado para prolongamento e abertura de ruas\u201d. <span class=\"visualHighlight\"><em><strong>Encaminhado em regime de tramita\u00e7\u00e3o normal</strong></em></span></p>\r\n<h2 style=\"text-align: center; \"><b><span><br /></span></b></h2>\r\n<h2 style=\"text-align: center; \"><b><span>MAT\u00c9RIAS DO PODER LEGISLATIVO</span></b></h2>\r\n<p align=\"center\" style=\"text-align: justify; \"><b><span>\u00a0</span></b></p>\r\n<h3 style=\"text-align: justify; \"><b><span>PROJETO NOVO</span></b></h3>\r\n<p style=\"text-align: justify; \"><b><span><br /></span></b></p>\r\n<p style=\"text-align: justify; \"><b>PROJETO DE DECRETO N\u00ba 004/2024 - \u201c</b>Concede T\u00edtulo de Cidad\u00e3 Araguaiense a Sr.\u00aa Cl\u00e1udia Teodoro da Silva.\u00a0<span class=\"visualHighlight\"><em><strong>Encaminhado em regime de tramita\u00e7\u00e3o normal</strong></em></span></p>\r\n<p style=\"text-align: justify; \"><b>Autoria do Vereador Marcos Nunes.</b></p>\r\n<p style=\"text-align: justify; \"><b>PROJETO DE DECRETO N\u00ba 005/2024 - </b>\u201cConcede T\u00edtulo de Cidad\u00e3o Araguaiense ao Sr. Moacir Vilela de Souza.\u201d\u00a0<span class=\"visualHighlight\"><em><strong>Encaminhado em regime de tramita\u00e7\u00e3o normal</strong></em></span><b> </b></p>\r\n<p style=\"text-align: justify; \"><b>Autoria do Vereador Clodoaldo Jos\u00e9 Fernandes.</b></p>\r\n<p style=\"text-align: justify; \"><b>\u00a0</b></p>\r\n<h2 style=\"text-align: center; \"><b>EMENDA DEVOLVIDA DAS COMISS\u00d5ES </b></h2>\r\n<p style=\"text-align: justify; \"><b>\u00a0</b></p>\r\n<p style=\"text-align: justify; \"><b>PROPOSTA DE EMENDA \u00c0 LEI ORG\u00c2NICA N\u00ba 001/2024 - </b>Autoria de Todos os Vereadores<b>.<em> <span class=\"visualHighlight\">Aprovado</span></em></b></p>\r\n<p style=\"text-align: justify; \"><b><span>\u00a0</span></b></p>\r\n<h2 style=\"text-align: center; \"><b><span>INDICA\u00c7\u00d5ES / REQUERIMENTOS / MO\u00c7\u00d5ES</span></b></h2>\r\n<p style=\"text-align: justify; \"><b><span>\u00a0</span></b></p>\r\n<p style=\"text-align: justify; \"><b><span>Autoria do Vereador Clodoaldo Jos\u00e9 Fernandes </span></b></p>\r\n<p class=\"Standard\" style=\"text-align: justify; \"><b>Indica\u00e7\u00e3o n\u00ba 041/2024 - </b><b>\u201c</b>Solicitando a constru\u00e7\u00e3o de um ponto coberto para os Taxistas, tendo como sugest\u00e3o no fundo da Pra\u00e7a da Matriz\u201d.</p>\r\n<p style=\"text-align: justify; \"><b><span><br /></span></b></p>\r\n<p style=\"text-align: justify; \"><b><span>Autoria do Vereador Silvio Maia </span></b></p>\r\n<p style=\"text-align: justify; \"><b>Indica\u00e7\u00e3o n\u00ba 043/2024 -</b> \u201cSolicito que sejam providenciados todos os exames nos neonatos, tais como teste do pezinho, teste orelhinha, teste olhinho, vacina\u00e7\u00e3o e orienta\u00e7\u00e3o sobre amamenta\u00e7\u00e3o, antes da alta hospitalar.\u201d<b><span></span></b></p>\r\n<p style=\"text-align: justify; \"><b>Indica\u00e7\u00e3o n\u00ba 044/2024 - </b>\u201cSolicita\u00e7\u00e3o que o munic\u00edpio realize conv\u00eanios com hospitais particulares para realiza\u00e7\u00e3o de cirurgia de mamoplastia redutora nas mulheres de baixa renda e que apresenta problemas emocionais ou f\u00edsicos decorrente do tamanho dos seios.\u201d</p>\r\n<p style=\"text-align: justify; \"><b><br /></b></p>\r\n<p style=\"text-align: justify; \"><b>Autoria do Vereador Odair Ferruja</b></p>\r\n<p style=\"text-align: justify; \"><b>Requerimento n\u00ba 018/2024 \u2013 </b>\u201cSolicitando que seja feito patrolamento no final da Rua 36, bairro N.S. Aparecida\u201d. <span class=\"visualHighlight\"><em><strong>Aprovado</strong></em></span></p>\r\n<p style=\"text-align: justify; \"><b>Indica\u00e7\u00e3o n\u00ba 046/2024 -</b> \u201cSolicitando que seja feita reparos na primeira rua do Maria das Gra\u00e7as, onde as carretas entram e contornam por tr\u00e1s dos restaurantes\u201d.</p>\r\n<p style=\"text-align: justify; \"><b><br /></b></p>\r\n<p style=\"text-align: justify; \"><b>Autoria do Vereador Fabiano do G\u00e1s</b></p>\r\n<p style=\"text-align: justify; \"><b>Requerimento n\u00ba 019/2024 </b>\u2013<b> </b>Requerendo informa\u00e7\u00f5es referente a libera\u00e7\u00e3o da nova Ponte da Paca na MU 465, regi\u00e3o do Rio do Peixe. Os recursos da obra s\u00e3o de conv\u00eanio com o Estado? Qual o valor da obra? Por qual raz\u00e3o a ponte ainda n\u00e3o foi entregue? Qual o prazo para libera\u00e7\u00e3o da obra?\u00a0<span class=\"visualHighlight\"><em><strong>Aprovado</strong></em></span></p>\r\n<p style=\"text-align: justify; \"><b><br /></b></p>\r\n<p style=\"text-align: justify; \"><b>Autoria do Vereador Ricardo Barbosa dos Santos</b></p>\r\n<p style=\"text-align: justify; \"><b>Indica\u00e7\u00e3o n\u00ba 045/2024 </b>- \u201cPara que seja adquirido um drone e um GPS atualizado para os trabalhos de monitoramento, fiscaliza\u00e7\u00e3o e vistoria ambiental da Secretaria Municipal de Meio Ambiente.</p>\r\n<p style=\"text-align: justify; \"><b>Mo\u00e7\u00e3o de Aplausos n\u00ba 011/2024</b> - Ao<b> Dr. Jos\u00e9 Augusto Gomes Maia.</b> pelos servi\u00e7os prestados com dedica\u00e7\u00e3o aos pacientes como m\u00e9dico plantonista no Hospital Municipal.\u00a0<span class=\"visualHighlight\"><em><strong>Aprovado</strong></em></span></p>\r\n<p style=\"text-align: justify; \"><b><br /></b></p>\r\n<p style=\"text-align: justify; \"><b>Autoria do Vereador Marcos Nunes</b></p>\r\n<p style=\"text-align: justify; \"><b>Mo\u00e7\u00e3o de Aplausos n\u00ba 012/2024</b> <b>- </b>A<b> </b><b>Sra. Simone C\u00edcera de Freitas </b>em reconhecimento dos seus relevantes servi\u00e7os prestados ao munic\u00edpio de Alto Araguaia, atrav\u00e9s da educa\u00e7\u00e3o.\u00a0<span class=\"visualHighlight\"><em><strong>Aprovado</strong></em></span></p>\r\n<p class=\"Standard\" style=\"text-align: justify; \"><b><br /></b></p>\r\n<p class=\"Standard\" style=\"text-align: justify; \"><b>Autoria da Vereadora Mariana de Souza</b></p>\r\n<p style=\"text-align: justify; \"><b>Indica\u00e7\u00e3o n\u00ba 042/2024 - </b>\u201cIndicando a necessidade de gest\u00e3o junto aos \u00f3rg\u00e3os competentes para que seja disponibilizada uma Camionete Tipo Viatura do Sistema Prisional para a Unidade Prisional de Alto Araguaia\u201d.</p>", "author_name": "", "version": "1.0", "author_url": "https://www.altoaraguaia.mt.leg.br/author/adm", "provider_name": "C\u00c2MARA MUNICIPAL DE ALTO ARAGUAIA", "type": "rich"}