{"provider_url": "https://www.altoaraguaia.mt.leg.br", "title": "Resumo da 14\u00aa Sess\u00e3o Ordin\u00e1ria.", "html": "<h2 style=\"text-align: center; \"><img src=\"https://www.altoaraguaia.mt.leg.br/imagens/copy_of_dispensadeLicitao22.png/@@images/d34dc686-5217-45c7-b0ab-33116205c43a.png\" alt=\"\" class=\"image-inline\" title=\"\" /></h2>\r\n<h2 style=\"text-align: center; \"></h2>\r\n<h2 style=\"text-align: center; \"></h2>\r\n<h2 style=\"text-align: center; \">MAT\u00c9RIAS DO LEGISLATIVO</h2>\r\n<p>\u00a0</p>\r\n<h3><span>PROJETO NOVO</span></h3>\r\n<p><span><br /></span></p>\r\n<p style=\"text-align: justify; \"><strong style=\"text-align: justify; \">Projeto de Decreto n\u00ba02/2025 -</strong><span style=\"text-align: justify; \">\u00a0</span><span style=\"text-align: justify; \">\u201cConcede T\u00edtulo de Cidad\u00e3 Araguaiense a Sra. Cymara Neubern Osorio\u201d.<span class=\"visualHighlight\"><em><strong> Encaminhado em regime de tramita\u00e7\u00e3o normal.</strong></em></span></span></p>\r\n<p style=\"text-align: justify; \"><strong>Autoria vereador Fabiano do G\u00e1s</strong></p>\r\n<p style=\"text-align: justify; \"><strong><br /></strong></p>\r\n<h3 style=\"text-align: center; \"><b>INDICA\u00c7\u00d5ES / REQUERIMENTOS / MO\u00c7\u00c3O</b></h3>\r\n<p><b><br /></b></p>\r\n<p><b><br /></b></p>\r\n<p style=\"text-align: justify; \"><strong>Autoria vereador Fabiano do G\u00e1s</strong></p>\r\n<p style=\"text-align: justify; \"><b>Mo\u00e7\u00e3o\u00a0</b><b>de Aplausos n\u00ba 07/2025 -\u00a0</b><span>Mo\u00e7\u00e3o de aplausos aos propriet\u00e1rios da escola Centro Educacional Eholim e Centro Educacional Elohim- Unidade Kadosh pelo relevante investimento no munic\u00edpio de Alto Araguaia com a constru\u00e7\u00e3o de um novo pr\u00e9dio para melhor instala\u00e7\u00e3o da Escola, representando um marco de avan\u00e7o na educa\u00e7\u00e3o do munic\u00edpio de Alto Araguaia. <span class=\"visualHighlight\"><em><strong>Aprovado</strong></em></span></span></p>\r\n<p style=\"text-align: justify; \"><span><span class=\"visualHighlight\"><em><strong><br /></strong></em></span></span></p>\r\n<p style=\"text-align: justify; \"><strong>Autoria vereador Regis de Oliveira</strong></p>\r\n<p style=\"text-align: justify; \"><strong>Requerimento n\u00ba020/2025 -\u00a0</strong>\u201cRequerendo informa\u00e7\u00f5es referentes as realiza\u00e7\u00f5es de cirurgias ortop\u00e9dicas do munic\u00edpio de Alto Araguaia \u2013 MT.\u201d\u00a0<span class=\"visualHighlight\"><em><strong>Aprovado</strong></em></span></p>\r\n<p style=\"text-align: justify; \"><span class=\"visualHighlight\"><em><strong><br /></strong></em></span></p>\r\n<p style=\"text-align: justify; \"><strong>Autoria vereadora Polleyka Fraga</strong></p>\r\n<p style=\"text-align: justify; \"><strong>Indica\u00e7\u00e3o n\u00ba062/2025 -\u00a0</strong>\"Solicitando um climatizador industrial para o centro de conviv\u00eancia da terceira idade.\u201d <span class=\"visualHighlight\"><em><strong>Lida e encaminhada</strong></em></span></p>\r\n<p style=\"text-align: justify; \"><span class=\"visualHighlight\"><em><strong><br /></strong></em></span></p>\r\n<p style=\"text-align: justify; \"><strong>Autoria vereadora Martha Maia</strong></p>\r\n<p style=\"text-align: justify; \"><strong>Requerimento n\u00ba021/2025 -\u00a0</strong>Solicita informa\u00e7\u00f5es detalhadas sobre os repasses financeiros realizados pelo Munic\u00edpio ao Cons\u00f3rcio Regional de Sa\u00fade Sul Mato-Grossense (CORESS), \u00e0 empresa PRIME MEDICINA LTDA, inscrita no CNPJ sob o n\u00ba 29.219.038/0001-31 e ao Instituto de Sa\u00fade Santa Rosa, organiza\u00e7\u00e3o de sa\u00fade respons\u00e1vel pelo gerenciamento pelo Hospital P\u00fablico Municipal. <span class=\"visualHighlight\"><em><strong>Aprovado</strong></em></span></p>\r\n<p style=\"text-align: justify; \"><strong>Indica\u00e7\u00e3o n\u00ba063/2025 -\u00a0</strong>Que seja realizada, com a m\u00e1xima urg\u00eancia, a reforma da quadra sint\u00e9tica e do parquinho localizados na Pra\u00e7a Ant\u00f4nio Silv\u00e9rio da Costa conhecida como Pra\u00e7a do Boiadeiro. <span class=\"visualHighlight\"><em><strong>Lida e encaminhada.</strong></em></span></p>", "author_name": "", "version": "1.0", "author_url": "https://www.altoaraguaia.mt.leg.br/author/adm", "provider_name": "C\u00c2MARA MUNICIPAL DE ALTO ARAGUAIA", "type": "rich"}