{"provider_url": "https://www.altoaraguaia.mt.leg.br", "title": "Resumo da 14\u00aa Sess\u00e3o Ordin\u00e1ria de 2024.", "html": "<h2 style=\"text-align: center; \"><img src=\"https://www.altoaraguaia.mt.leg.br/imagens/copy3_of_dispensadeLicitao1.png/@@images/88666fa6-466c-4c4d-912b-eb5f0ca4db71.png\" alt=\"\" class=\"image-inline\" title=\"\" /></h2>\r\n<h2 style=\"text-align: center; \"><b><span><br /></span></b></h2>\r\n<h2 style=\"text-align: center; \"><b><span>MAT\u00c9RIAS DO PODER EXECUTIVO</span></b></h2>\r\n<p style=\"text-align: justify; \"><b>PROJETO NOVO</b></p>\r\n<p align=\"center\" style=\"text-align: justify; \"><b>PROJETO DE LEI COMPLEMNTAR N.\u00ba 001 DE 25 DE ABRIL DE 2024. </b>\u201cRegulamenta o art. 40, \u00a7 4\u00ba, \u00a7 4\u00ba-A e \u00a74\u00ba-C, da Constitui\u00e7\u00e3o Federal, para dispor sobre os requisitos e crit\u00e9rios diferenciados para a concess\u00e3o de aposentadoria aos benefici\u00e1rios do regime pr\u00f3prio de previd\u00eancia social do munic\u00edpio de Alto Araguaia, nos casos de portadores de defici\u00eancia e exerc\u00edcio de atividades exercidas sob condi\u00e7\u00f5es especiais que prejudiquem a sa\u00fade, e d\u00e1 outras provid\u00eancias\u201d.<span class=\"visualHighlight\"><strong><em>\u00a0Encaminhado em regime de tramita\u00e7\u00e3o normal</em></strong></span></p>\r\n<p align=\"center\" style=\"text-align: justify; \"><span class=\"visualHighlight\"><strong><em><br /></em></strong></span></p>\r\n<p style=\"text-align: justify; \"><b>VETO</b></p>\r\n<p align=\"center\" style=\"text-align: justify; \"><b>VETO N\u00ba 002, DE 24 DE ABRIL DE 2024 - </b>Ao Projeto de Lei do Legislativo n\u00ba 003/2024- \u201cDisp\u00f5e sobre o prazo de validade do laudo m\u00e9dico que atesta o Transtorno do Espectro Autista \u2013 TEA, defici\u00eancias espec\u00edficas, e d\u00e1 outras provid\u00eancias.\u201d<span class=\"visualHighlight\"><em><strong> Rejeitado em vota\u00e7\u00e3o un\u00e2nime.</strong></em></span></p>\r\n<p style=\"text-align: center; \"><b><span>\u00a0</span></b></p>\r\n<h2 style=\"text-align: center; \"><b><span>\u00a0</span></b><b style=\"text-align: center; \">MAT\u00c9RIAS DO PODER LEGISLATIVO</b></h2>\r\n<h2><b><span>\u00a0</span></b></h2>\r\n<p style=\"text-align: justify; \"><b><span>\u00a0</span></b><b>INDICA\u00c7\u00d5ES / REQUERIMENTOS / MO\u00c7\u00d5ES</b></p>\r\n<p style=\"text-align: justify; \"><b><span>\u00a0</span></b></p>\r\n<p style=\"text-align: justify; \"><b><span>Autoria do Vereador Renato de Oliveira Lopes</span></b></p>\r\n<p style=\"text-align: justify; \"><b>Indica\u00e7\u00e3o n\u00ba 047/2024 </b><b>- </b>\u201cSugerindo mais 1(um) reservat\u00f3rio de \u00e1gua na regi\u00e3o do Distrito do Buriti\u201d.</p>\r\n<p style=\"text-align: justify; \"><b><span>\u00a0</span></b></p>\r\n<p style=\"text-align: justify; \"><b><span>Autoria da Vereadora Mar\u00edlia Maia Rabello Queiroz</span></b><span></span></p>\r\n<p style=\"text-align: justify; \"><b>Indica\u00e7\u00e3o n\u00ba 048/2024 - </b>\u201cVersando sobre a necessidade da constru\u00e7\u00e3o de um Parque Infantil na Escola Municipal Joaquim Patrocinio Dias Localizado na Regi\u00e3o do Para\u00edso\u201d.</p>\r\n<p style=\"text-align: justify; \">\u00a0</p>\r\n<p style=\"text-align: justify; \"><b><span>Autoria do Vereador Marcos Nunes</span></b></p>\r\n<p style=\"text-align: justify; \"><b>Requerimento n\u00ba 020/2024 \u2013</b> \u201cRequerendo que sejam refeitas duas faixas de pedestres na Av. Carlos Hugueney (BR 364) esquina com Rua Benjamim Constant, trecho pr\u00f3ximo \u00e0 Casa Lot\u00e9rica e Loja da Vivo.\u201d<span class=\"visualHighlight\"><em><strong> Aprovado</strong></em></span></p>\r\n<p style=\"text-align: justify; \"><b><span>\u00a0</span></b></p>\r\n<p style=\"text-align: justify; \"><b><span>Autoria: Silvio Maia, Suzana Paniago, Fabiano do G\u00e1s e outros.</span></b></p>\r\n<p style=\"text-align: justify; \"><b>Requerimento n\u00ba 021/2024 \u2013</b> \u201cA solicita\u00e7\u00e3o de informa\u00e7\u00f5es sobre os pagamentos efetuados pela prefeitura ao Instituto Santa Rosa, respons\u00e1vel pela administra\u00e7\u00e3o do Hospital Municipal. Requerem as seguintes informa\u00e7\u00f5es: 1) A Prefeitura est\u00e1 honrando os pagamentos pelos servi\u00e7os prestados pela OS? Caso a resposta seja negativa, h\u00e1 quanto tempo a Prefeitura est\u00e1 em atraso e qual o motivo do atraso? 2) A Prefeitura j\u00e1 atrasou algum pagamento ao Instituto desde a sua contrata\u00e7\u00e3o? Caso a resposta seja afirmativa, especifique em qual ano e quais meses foram pagos com atraso.\u00a0<em><strong>\u00a0<span class=\"visualHighlight\">Aprovado</span></strong></em></p>\r\n<p style=\"text-align: justify; \"><b><span>\u00a0</span></b></p>\r\n<p style=\"text-align: justify; \"><b><span>Autoria do Vereador Fabiano do G\u00e1s</span></b><b></b></p>\r\n<p style=\"text-align: justify; \"><b>Mo\u00e7\u00e3o de Pesar n\u00ba 002/2024 - </b>Pelo falecimento do Padre Sebasti\u00e3o Paniago Vilela.\u00a0<em><strong>\u00a0<span class=\"visualHighlight\">Aprovado</span></strong></em></p>\r\n<p style=\"text-align: justify; \"><span>\u00a0</span></p>\r\n<p style=\"text-align: justify; \"><b><span>Autoria da Vereadora Suzana Paniago</span></b></p>\r\n<p style=\"text-align: justify; \"><b>Mo\u00e7\u00e3o de Aplausos n\u00ba 013/2024 - </b>Ao Sr. Virgulino Paes de Oliveira, pela sua trajet\u00f3ria como Servidor P\u00fablico, sempre com muita dedica\u00e7\u00e3o \u00e0 sua profiss\u00e3o.\u00a0<em><strong>\u00a0<span class=\"visualHighlight\">Aprovado</span></strong></em></p>\r\n<p style=\"text-align: justify; \"><b><span>\u00a0</span></b></p>\r\n<p style=\"text-align: justify; \"><b><span>Autoria da Vereadora Mariana de Souza</span></b></p>\r\n<p style=\"text-align: justify; \"><b>Indica\u00e7\u00e3o n\u00ba 049/2024 </b>\u2013 \u201cSolicitando que seja feita a limpeza da orla do Bilin\u00e3o e a Ilumina\u00e7\u00e3o P\u00fablica\u201d.</p>\r\n<p style=\"text-align: justify; \"><b>Mo\u00e7\u00e3o de Aplausos n\u00ba 014/2024 -</b> A Sra. Lis Miranda, pela sua trajet\u00f3ria de Vida.\u00a0<span class=\"visualHighlight\"><em><strong>\u00a0Aprovado</strong></em></span></p>\r\n<p style=\"text-align: justify; \"><span class=\"visualHighlight\"><em><strong><br /></strong></em></span></p>\r\n<p><b>TEMA LIVRE </b></p>\r\n<p style=\"text-align: justify; \">A Sra. Daiane Priscila Medrade de Souza, membro do Projeto Social CAAA (Crian\u00e7as Autistas de Alto Araguaia), pediu o uso da tribuna\u00a0 para fazer retrata\u00e7\u00e3o da fala da mesma, durante a 12\u00aa Sess\u00e3o Ordin\u00e1ria e Solene, ocorrida dia 22 de Abril de 2024.</p>\r\n<p style=\"text-align: justify; \">Dr. Rosana, presidente da ACEAIA, tamb\u00e9m fez uso da tribuna, para apresentar e convidar para o projeto da Feira de Neg\u00f3cios e Inova\u00e7\u00f5es, para alavancar o com\u00e9rcio local. A feira ser\u00e1 na pra\u00e7a \"Ant\u00f4nio Silv\u00e9rio da Costa\", no bairro Boiadeiro, nos dias 6 e 7 do m\u00eas de Junho.</p>\r\n<p><b>\u00a0</b></p>\r\n<p style=\"text-align: justify; \"><span class=\"visualHighlight\"><em><strong><br /></strong></em></span></p>\r\n<p style=\"text-align: justify; \"><b>\u00a0</b></p>", "author_name": "", "version": "1.0", "author_url": "https://www.altoaraguaia.mt.leg.br/author/adm", "provider_name": "C\u00c2MARA MUNICIPAL DE ALTO ARAGUAIA", "type": "rich"}