{"provider_url": "https://www.altoaraguaia.mt.leg.br", "title": "Resumo da 15\u00aa Sess\u00e3o Ordin\u00e1ria", "html": "<h2 style=\"text-align: center; \"><b><span><img src=\"https://www.altoaraguaia.mt.leg.br/imagens/copy_of_dispensadeLicitao2.png/@@images/324eb93f-0b6f-48dc-942f-4e3b027fbebf.png\" alt=\"\" class=\"image-inline\" title=\"\" /></span></b></h2>\r\n<h2 style=\"text-align: center; \"><b><span><br /></span></b></h2>\r\n<h2 style=\"text-align: center; \"><b><span>MAT\u00c9RIAS DO PODER EXECUTIVO</span></b></h2>\r\n<p><b><span>\u00a0</span></b></p>\r\n<h3><b>PROJETO DEVOLVIDO DAS COMISS\u00d5ES</b></h3>\r\n<p><b><br /></b></p>\r\n<p style=\"text-align: justify; \"><b>PROJETO DE LEI DO EXECUTIVO N\u00ba 017/2024 \u2013 \u201c</b>Disp\u00f5e sobre a desafeta\u00e7\u00e3o de bem p\u00fablico e utiliza\u00e7\u00e3o deste espa\u00e7o e lote para compensar propriet\u00e1rios anteriormente devido ao comprometimento de seus terrenos que tiveram seu espa\u00e7o utilizado para prolongamento e abertura de ruas\u201d. <span class=\"visualHighlight\"><em><strong>Aprovado</strong></em></span></p>\r\n<h2 style=\"text-align: center; \"><b><span><br /></span></b></h2>\r\n<h2 style=\"text-align: center; \"><b><span>MAT\u00c9RIAS DO PODER LEGISLATIVO</span></b></h2>\r\n<p align=\"center\"><b><span>\u00a0</span></b></p>\r\n<h3><b><span>PROJETOS DEVOLVIDOS DAS COMISS\u00d5ES</span></b></h3>\r\n<p><b><span><br /></span></b></p>\r\n<p style=\"text-align: justify; \"><b>PROJETO DE DECRETO N\u00ba 004/2024 - \u201c</b>Concede T\u00edtulo de Cidad\u00e3 Araguaiense a Sr.\u00aa Cl\u00e1udia Teodoro da Silva. <span class=\"visualHighlight\"><em><strong>Aprovado</strong></em></span></p>\r\n<p style=\"text-align: justify; \"><b>Autoria do Vereador Marcos Nunes.</b></p>\r\n<p style=\"text-align: justify; \"><b>PROJETO DE DECRETO N\u00ba 005/2024 - </b>\u201cConcede T\u00edtulo de Cidad\u00e3o Araguaiense ao Sr. Moacir Vilela de Souza.\u201d <span class=\"visualHighlight\"><em><strong>Aprovado</strong></em></span><b></b></p>\r\n<p style=\"text-align: justify; \"><b>Autoria do Vereador Clodoaldo Jos\u00e9 Fernandes.</b></p>\r\n<p><b>\u00a0</b></p>\r\n<h3><b>EMENDA PARA APRECIA\u00c7\u00c3O EM 2\u00ba TURNO</b></h3>\r\n<p><b>\u00a0</b></p>\r\n<p><b>PROPOSTA DE EMENDA \u00c0 LEI ORG\u00c2NICA N\u00ba 001/2024- </b>Autoria de Todos os Vereadores<b>. </b><span class=\"visualHighlight\"><strong><em>Aprovado em vota\u00e7\u00e3o nominal un\u00e2nime</em></strong></span></p>\r\n<p><b><span>\u00a0</span></b></p>\r\n<h2 style=\"text-align: center; \"><b><span>\u00a0</span></b><b>INDICA\u00c7\u00d5ES / REQUERIMENTOS / MO\u00c7\u00d5ES</b></h2>\r\n<p><b><span>\u00a0</span></b></p>\r\n<p><b><span>Autoria de todos os Vereadores</span></b></p>\r\n<p><b>MO\u00c7\u00c3O DE PESAR n\u00ba 003/2024 -<i> </i></b>pelo falecimento da Sra. Dalva de Carvalho Barros.<span class=\"visualHighlight\"><em><strong> Aprovado</strong></em></span></p>\r\n<p><b><span>\u00a0</span></b></p>\r\n<p><b><span>Autoria do Vereador Renato de Oliveira Lopes</span></b></p>\r\n<p style=\"text-align: justify; \"><b>Indica\u00e7\u00e3o n\u00ba050/2024 -</b> \u201cSugerindo ao Executivo 1 (um) dia folga remunerada aos servidores P\u00fablicos Municipais na data dos seus respectivos anivers\u00e1rios\u201d</p>\r\n<p style=\"text-align: justify; \"><b>Requerimento n\u00ba 022/2024 -</b> \u201cREQUERENDO ao Executivo junto a Divaes a automatiza\u00e7\u00e3o do abastecimento de \u00e1gua no bairro Jardim Novo Araguaia\u201d. <span class=\"visualHighlight\"><em><strong>Aprovado</strong></em></span></p>\r\n<p><b><span><br /></span></b></p>\r\n<p><b><span>Autoria do Vereador Silvio Maia </span></b></p>\r\n<p style=\"text-align: justify; \"><b>Indica\u00e7\u00e3o n\u00ba 051/2024 -</b> \u201cSolicito que seja contratado um M\u00e9dico Pediatra para atender no Hospital Municipal, uma vez que os rec\u00e9m nascidos est\u00e3o sendo encaminhados a cidade de Rondon\u00f3polis para realizarem as primeiras consultas, causando, assim, exaust\u00e3o nas m\u00e3es que se encontram no per\u00edodo de resguardo.\u201d</p>\r\n<p class=\"Standard\"><b><span>\u00a0</span></b></p>\r\n<p><b><span>Autoria da Vereadora Mariana de Souza</span></b></p>\r\n<p><b>Requerimento n\u00ba 023/2024 - </b>\u201cRequerendo informa\u00e7\u00f5es sobre a reforma da pra\u00e7a do praia \u2013 Audinor Germano Rosa.\u201d <span class=\"visualHighlight\"><em><strong>Aprovado</strong></em></span></p>", "author_name": "", "version": "1.0", "author_url": "https://www.altoaraguaia.mt.leg.br/author/adm", "provider_name": "C\u00c2MARA MUNICIPAL DE ALTO ARAGUAIA", "type": "rich"}