{"provider_url": "https://www.altoaraguaia.mt.leg.br", "title": "Resumo da 18\u00aa Sess\u00e3o Ordin\u00e1ria de 2025.", "html": "<h2 style=\"text-align: center; \"></h2>\r\n<h2 style=\"text-align: center; \"><img src=\"https://www.altoaraguaia.mt.leg.br/imagens/copy_of_dispensadeLicitao26.png/@@images/8cd49712-89d5-4da1-b775-9fa8ad8f69e0.png\" alt=\"\" class=\"image-inline\" title=\"\" /></h2>\r\n<h2 style=\"text-align: center; \"></h2>\r\n<h2 style=\"text-align: center; \"></h2>\r\n<h2 style=\"text-align: center; \">MAT\u00c9RIAS DO PODER EXECUTIVO</h2>\r\n<p>\u00a0</p>\r\n<h3 style=\"text-align: justify; \">PROJETOS NOVOS</h3>\r\n<p>\u00a0</p>\r\n<p style=\"text-align: justify; \"><strong>Projeto n\u00ba21/2025 -</strong> \"<span>Altera dispositivos da Lei Municipal n\u00ba 4.612, de 17 de dezembro de 2024, que disp\u00f5e sobre atualiza\u00e7\u00e3o do Sistema \u00danico de Assist\u00eancia Social do Munic\u00edpio de Alto Araguaia/MT.\" Encaminhado em regime de tramita\u00e7\u00e3o normal.</span></p>\r\n<p style=\"text-align: justify; \"><span><strong>Projeto n\u00ba23/2025 -</strong> \"<span>Disp\u00f5e sobre as diretrizes para a elabora\u00e7\u00e3o da lei or\u00e7ament\u00e1ria de 2026.\"\u00a0<span>Encaminhado em regime de tramita\u00e7\u00e3o normal.</span></span></span></p>\r\n<p style=\"text-align: justify; \"><span><span><br /></span></span></p>\r\n<h2 style=\"text-align: center; \">MAT\u00c9RIAS DO PODER LEGISLATIVO</h2>\r\n<p>\u00a0</p>\r\n<h3 style=\"text-align: justify; \">PROJETO NOVO</h3>\r\n<p>\u00a0</p>\r\n<p style=\"text-align: justify; \"><strong>Projeto n\u00ba12/2025 -</strong> \"<span>Altera dispositivos da Lei n\u00ba 4.432, de 16 de agosto de 2022, que cria regras para a instala\u00e7\u00e3o e manuten\u00e7\u00e3o de fios e cabos fixados nos postes da rede el\u00e9trica existentes na zona urbana e rural do munic\u00edpio de Alto Araguaia \u2013 MT, e d\u00e1 outras provid\u00eancias.\"\u00a0<span class=\"visualHighlight\"><em><strong>Encaminhado em regime de tramita\u00e7\u00e3o normal.</strong></em></span></span></p>\r\n<p style=\"text-align: justify; \"><strong>Autoria vereadora Martha Maia</strong></p>\r\n<p style=\"text-align: justify; \"><span><br /></span></p>\r\n<h2 style=\"text-align: center; \"><span>INDICA\u00c7\u00d5ES / REQUERIMENTO</span></h2>\r\n<p style=\"text-align: justify; \"><span><br /></span></p>\r\n<p style=\"text-align: justify; \"><strong>Autoria vereador Regis Oliveira</strong></p>\r\n<p style=\"text-align: justify; \"><span><strong>Indica\u00e7\u00e3o n\u00ba72/2025 -\u00a0</strong><span>\u201cSugerindo que seja feito uma repara\u00e7\u00e3o da ponte sobre o c\u00f3rrego encalho na regi\u00e3o do baus MU-14 e tamb\u00e9m uma repara\u00e7\u00e3o na estrada MU-14 na regi\u00e3o do baus no mun\u00edcipio de Alto Araguaia-MT \u201d. <span class=\"visualHighlight\"><em><strong>Lida e encaminhada.</strong></em></span></span></span></p>\r\n<p style=\"text-align: justify; \"><strong>Indica\u00e7\u00e3o n\u00ba73/2025 - </strong>\u201cSugerindo que seja feita uma tela de prote\u00e7\u00e3o na quadra de campo sint\u00e9tico, e no parque infantil, na pra\u00e7a Ant\u00f4nio Silv\u00e9rio Da Costa \u2013 Bairro Boiadeiro no mun\u00edcipio de Alto Araguaia-MT.\"<strong><span class=\"visualHighlight\"><em>\u00a0Lida e encaminhada.</em></span></strong></p>\r\n<p style=\"text-align: justify; \"><span><span><span><strong>Requerimento n\u00ba24/2025 -</strong> \"<span>\u201cRequerendo as seguintes informa\u00e7\u00f5es relativas as realiza\u00e7\u00f5es do projeto de lei de alinhamentos de fios no munic\u00edpio de Alto Araguaia \u2013 MT\u201d.\u00a0<span class=\"visualHighlight\"><em><strong>Lida e encaminhada.</strong></em></span></span></span></span></span></p>\r\n<p style=\"text-align: justify; \"><span><span><span><span><span><br /></span></span></span></span></span></p>\r\n<p style=\"text-align: justify; \"><strong>Autoria vereador Paulinho</strong></p>\r\n<p style=\"text-align: justify; \"><span><span><span><span><span><strong>Indica\u00e7\u00e3o n\u00ba75/2025 -</strong> \"<span>A realiza\u00e7\u00e3o de opera\u00e7\u00e3o tapa-buracos e servi\u00e7os de limpeza no Distrito do Buriti.\"<span class=\"visualHighlight\"><em><strong> Lida e encaminhada.\u00a0</strong></em></span></span></span></span></span></span></span></p>\r\n<p style=\"text-align: justify; \"><span><span><span><span><span><span><br /></span></span></span></span></span></span></p>\r\n<p style=\"text-align: justify; \"><strong>Autoria vereador Ad\u00e3o da Madeireira</strong></p>\r\n<p style=\"text-align: justify; \"><span><span><span><span><span><span><strong>Indica\u00e7\u00e3o n\u00ba76/2025 -</strong> \"<span>Sugerindo que seja implementado o projeto de lei que visa presentear o servidor p\u00fablico municipal possibilitando um dia de folga anual no dia do seu anivers\u00e1rio, o que j\u00e1 \u00e9 uma pr\u00e1tica em diversos munic\u00edpios do pa\u00eds.\" <span class=\"visualHighlight\"><em><strong>Lida e encaminhada.</strong></em></span></span></span></span></span></span></span></span></p>\r\n<p style=\"text-align: justify; \"><span><span><span><span><span><span><span><br /></span></span></span></span></span></span></span></p>\r\n<p style=\"text-align: justify; \"><strong>Autoria vereador Fabiano do G\u00e1s\u00a0</strong></p>\r\n<p style=\"text-align: justify; \"><strong>Indica\u00e7\u00e3o n\u00ba74/2025 -</strong> \"<span>\u201cSolicitando que sejam adotadas medidas cab\u00edveis, ou seja, realiza\u00e7\u00e3o de uma auditoria ou tomada de contas especial (TCE) em todos os contratos firmados com as empresas ALIAN\u00c7A CONSTRUTORA E LOCA\u00c7\u00c3O DE EQUIPAMENTOS LTDA e MILOCA LOCA\u00c7\u00c3O DE EQUIPAMENTOS E PAVIMENTA\u00c7\u00c3O EIRELI, para apurar os eventuais preju\u00edzos ao er\u00e1rio municipal em raz\u00e3o da execu\u00e7\u00e3o inadequada dos servi\u00e7os contratados.\" <span class=\"visualHighlight\"><em><strong>Lida e encaminhada.</strong></em></span></span></p>\r\n<p style=\"text-align: justify; \"><span><span><span><span><span><span></span>\u00a0</span></span></span></span></span></p>\r\n<p><span><span><span><span><br /></span></span></span></span></p>", "author_name": "", "version": "1.0", "author_url": "https://www.altoaraguaia.mt.leg.br/author/adm", "provider_name": "C\u00c2MARA MUNICIPAL DE ALTO ARAGUAIA", "type": "rich"}