{"provider_url": "https://www.altoaraguaia.mt.leg.br", "title": "Resumo da 19\u00aa Sess\u00e3o Ordin\u00e1ria de 2024", "html": "<h2 style=\"text-align: center; \"><b><span><img src=\"https://www.altoaraguaia.mt.leg.br/imagens/copy_of_dispensadeLicitao11.png/@@images/1ba4fa59-4505-477a-b34e-274a185cdd75.png\" alt=\"\" class=\"image-inline\" title=\"\" /></span></b></h2>\r\n<p><b><span><br /></span></b></p>\r\n<h2 style=\"text-align: center; \"><b><span>MAT\u00c9RIAS DO PODER EXECUTIVO</span></b></h2>\r\n<p><b><span>\u00a0</span></b></p>\r\n<h3><b><span>\u00a0</span></b><b>PROJETO NOVO</b></h3>\r\n<p><b><span><br /></span></b></p>\r\n<p style=\"text-align: justify; \"><em><b>PROJETO DE LEI N\u00ba 18, DE 07 DE JUNHO DE 2024. </b></em>Autoriza a celebra\u00e7\u00e3o de Conv\u00eanio de Colabora\u00e7\u00e3o Educacional entre o Munic\u00edpio de Alto Araguaia e a Funda\u00e7\u00e3o Universidade do Estado de Mato Grosso e a Funda\u00e7\u00e3o de Apoio ao Ensino, Pesquisa e Extens\u00e3o do Norte do Estado de Mato Grosso- FAEPEN/MT, para execu\u00e7\u00e3o do curso de P\u00f3s-Gradua\u00e7\u00e3o em Educa\u00e7\u00e3o Inclusiva. <span class=\"visualHighlight\"><em><strong>Aprovado em regime de urg\u00eancia simples</strong></em></span>.</p>\r\n<h3><b><br /></b></h3>\r\n<h3><b>PROJETO DEVOLVIDO DAS COMISS\u00d5ES</b></h3>\r\n<p><b><span>\u00a0</span></b></p>\r\n<p style=\"text-align: justify; \"><b><em>PROJETO DO EXECUTIVO DE LEI COMPLEMENTAR N\u00ba 001/2024</em> -</b> \u201cRegulamenta o art. 40, \u00a7 4\u00ba, \u00a7 4\u00ba-A e \u00a74\u00ba-C, da Constitui\u00e7\u00e3o Federal, para dispor sobre os requisitos e crit\u00e9rios diferenciados para a concess\u00e3o de aposentadoria aos benefici\u00e1rios do regime pr\u00f3prio de previd\u00eancia social do munic\u00edpio de Alto Araguaia, nos casos de portadores de defici\u00eancia e exerc\u00edcio de atividades exercidas sob condi\u00e7\u00f5es especiais que prejudiquem a sa\u00fade, e d\u00e1 outras provid\u00eancias\u201d. <span class=\"visualHighlight\"><em><strong>Aprovado</strong></em></span></p>\r\n<p>\u00a0<b>\u00a0</b></p>\r\n<p>\u00a0</p>\r\n<h2 style=\"text-align: center; \"><b><span>MAT\u00c9RIAS DO PODER LEGISLATIVO</span></b></h2>\r\n<h3><b><span>\u00a0</span></b></h3>\r\n<h3><b>PROJETO NOVO</b></h3>\r\n<p><b><span>\u00a0</span></b></p>\r\n<p class=\"Estilo1\" style=\"text-align: justify; \"><em><strong>PROJETO DE LEI DO LEGISLATIVO N\u00ba 006/2024</strong></em> - \u201cDisp\u00f5e sobre a cria\u00e7\u00e3o de uma banda municipal de instrumentos de sopro no munic\u00edpio de Alto Araguaia-MT e d\u00e1 outras provid\u00eancias\u201d. <span class=\"visualHighlight\"><em><strong>Encaminhado em regime de tramita\u00e7\u00e3o normal</strong></em></span></p>\r\n<p class=\"Estilo1\" style=\"text-align: justify; \"><strong>Autoria do Vereador Ricardo Barbosa dos Santos.</strong></p>\r\n<p align=\"center\"><b><br /></b></p>\r\n<p align=\"center\" style=\"text-align: justify; \"><strong><em>PROJETO DE DECRETO LEGISLATIVO N\u00ba 008/2024 - \u201c</em></strong>Concede T\u00edtulo de Cidad\u00e3o Araguaiense ao Sr. Jos\u00e9 Eug\u00eanio de Paiva.\" <span class=\"visualHighlight\"><em><strong>Encaminhado em regime de tramita\u00e7\u00e3o normal</strong></em></span></p>\r\n<p align=\"center\" style=\"text-align: justify; \"><strong>Autoria da \u00a0Vereadora Odin\u00e9ia Mariana de Souza</strong></p>\r\n<p style=\"text-align: justify; \"><strong>\u00a0</strong></p>\r\n<h2 style=\"text-align: center; \"><b><span>INDICA\u00c7\u00d5ES/REQUERIMENTO/ MO\u00c7\u00c3O </span></b></h2>\r\n<h2><b><span>\u00a0</span></b></h2>\r\n<p><b>Autoria dos Vereadores Mar\u00edlia Maia Rabello e Clodoaldo Jos\u00e9 Fernandes</b></p>\r\n<p style=\"text-align: justify; \"><b style=\"text-align: justify; \">Indica\u00e7\u00e3o n\u00ba 060/2024 - </b><span style=\"text-align: justify; \">\u201cSolicitando a Viabilidade da Instala\u00e7\u00e3o de Brinquedos Sensoriais Destinados a Inclus\u00e3o Social e Acessibilidade de pessoas com Transtorno do Espectro Autista, na Pra\u00e7a Herotides Bueno Fraga, localizada no Bairro COHAB em nossa Cidade\u201d.</span></p>\r\n<p style=\"text-align: justify; \"><b>\u00a0</b></p>\r\n<p style=\"text-align: justify; \"><b><span>\u00a0</span></b><b>Autoria do Vereador Silvio Maia</b></p>\r\n<p style=\"text-align: justify; \"><b>Indica\u00e7\u00e3o n\u00ba 061/2024 - </b>\u201cSolicitando a Constru\u00e7\u00e3o de um Aterro Sanit\u00e1rio no Munic\u00edpio.\u201d</p>\r\n<p><b><span>\u00a0</span></b></p>\r\n<p><b><span>\u00a0</span></b><b>Autoria do Vereador Clodoaldo Jos\u00e9 Fernandes</b></p>\r\n<p><b>Mo\u00e7\u00e3o de Aplausos n\u00ba 022/2024 - </b>Ao Sr. Welton Vilela Cardoso, pelo seu excelente trabalho desempenhado no munic\u00edpio de Alto Araguaia. <span class=\"visualHighlight\"><em><strong>Aprovado</strong></em></span></p>\r\n<p><b><span>\u00a0</span></b></p>\r\n<p style=\"text-align: justify; \"><b>Autoria da Vereadora Mariana de Souza</b></p>\r\n<p style=\"text-align: justify; \"><b>Requerimento n\u00ba 026/2024 </b>\u2013 \u201cRequerendo informa\u00e7\u00f5es acerca dos procedimentos cir\u00fargicos eletivos e pequenas cirurgias: Procede a informa\u00e7\u00e3o de que as cirurgias est\u00e3o paradas desde mar\u00e7o? Qual a justificativa das cirurgias estarem paradas? Qual a previs\u00e3o de retorno?\u201d<span class=\"visualHighlight\"><em><strong> Aprovado</strong></em></span></p>", "author_name": "", "version": "1.0", "author_url": "https://www.altoaraguaia.mt.leg.br/author/adm", "provider_name": "C\u00c2MARA MUNICIPAL DE ALTO ARAGUAIA", "type": "rich"}