{"provider_url": "https://www.altoaraguaia.mt.leg.br", "title": "Resumo da 1\u00aa Sess\u00e3o Ordin\u00e1ria - 03/02/2025.", "html": "<h2 style=\"text-align: center; \"><b><img src=\"https://www.altoaraguaia.mt.leg.br/imagens/copy3_of_dispensadeLicitao.png/@@images/624d07f5-0c91-4041-87cb-cbf9025a7a95.png\" alt=\"\" class=\"image-inline\" title=\"\" /></b></h2>\r\n<p><b><br /></b></p>\r\n<h2 style=\"text-align: center; \"><b>MAT\u00c9RIAS DO PODER EXECUTIVO</b></h2>\r\n<p><b><br /></b></p>\r\n<h3><b>PROJETO NOVO</b></h3>\r\n<p><b><br /></b></p>\r\n<p align=\"center\" style=\"text-align: justify; \"><b>PROJETO DE LEI DO EXECUTIVO N\u00ba07/2025 - </b>\"Disp\u00f5e sobre a garantia do piso remunerat\u00f3rio para o ano de 2025, para os Professores, Agentes Comunit\u00e1rios de Sa\u00fade e Agente de Combate\". <span class=\"visualHighlight\"><em><strong>Aprovado em regime de urg\u00eancia especial.</strong></em></span></p>\r\n<p align=\"center\">\u00a0</p>\r\n<h2 style=\"text-align: center; \"><b><span>MAT\u00c9RIAS DO PODER LEGISLATIVO</span></b></h2>\r\n<p><b><span><br /></span></b></p>\r\n<h3><b><span>PROJETOS NOVOS</span></b></h3>\r\n<p>\u00a0</p>\r\n<p style=\"text-align: justify; \"><span><strong>PROJETO DE LEI DO LEGISLATIVO N\u00ba 002, DE 29 DE JANEIRO DE 2025.</strong> Institui diretrizes, estrat\u00e9gias e a\u00e7\u00f5es para o programa de \u00a0\u00a0 \u00a0aten\u00e7\u00e3o e orienta\u00e7\u00e3o \u00e0s m\u00e3es at\u00edpicas.\u00a0<span class=\"visualHighlight\"><em><strong>Encaminhado em regime de tramita\u00e7\u00e3o ordin\u00e1ria.</strong></em></span></span></p>\r\n<p style=\"text-align: justify; \"><strong>Autoria: Martha Silvia Zaiden Maia Brand\u00e3o</strong></p>\r\n<p style=\"text-align: justify; \"><span><strong>PROJETO DE LEI DO LEGISLATIVO N\u00ba 003, DE 29 DE JANEIRO DE 2025.</strong> Disp\u00f5e sobre pol\u00edtica p\u00fablica municipal para garantia, prote\u00e7\u00e3o e amplia\u00e7\u00e3o dos direitos das pessoas com Transtorno do Espectro Autista (TEA) e seus familiares.\u00a0<span class=\"visualHighlight\"><em><strong>Encaminhado em regime de tramita\u00e7\u00e3o ordin\u00e1ria.</strong></em></span></span></p>\r\n<p style=\"text-align: justify; \"><strong>Autoria:\u00a0<strong>Martha Silvia Zaiden Maia Brand\u00e3o</strong></strong></p>\r\n<p><b><span>\u00a0</span></b></p>\r\n<h2 style=\"text-align: center; \"><b>INDICA\u00c7\u00d5ES, MO\u00c7OES E REQUERIMENTOS</b></h2>\r\n<p><b><br /></b></p>\r\n<p><b>Autoria do Vereador Marcos Nunes</b></p>\r\n<p style=\"text-align: justify; \"><b>Indica\u00e7\u00e3o n\u00ba 001/2025 \u2013 </b><span>\u201cSolicitando que proceda a Opera\u00e7\u00e3o Tapa Buracos na Rotat\u00f3ria da Rua Santa Rita, no bairro Gabiroba.\u201d <span class=\"visualHighlight\"><em><strong>Lida e deliberada.</strong></em></span></span></p>\r\n<p style=\"text-align: justify; \"><b>Indica\u00e7\u00e3o n\u00ba 002/2025 \u2013 </b><span>\u201cSolicitando o envio de um m\u00e9dico para atender na Equipe da Sa\u00fade da Fam\u00edlia no Jardim Novo Araguaia, em raz\u00e3o dos constantes pedidos dos mun\u00edcipes da regi\u00e3o que necessitam de atendimento m\u00e9dico diariamente.\u201d\u00a0<span class=\"visualHighlight\"><em><strong>Lida e deliberada.</strong></em></span></span></p>\r\n<p style=\"text-align: justify; \"><b>\u00a0</b></p>\r\n<p><b><span>Autoria do Vereador Fabiano do G\u00e1s</span></b></p>\r\n<p style=\"text-align: justify; \"><b>Mo\u00e7\u00f5es de Aplauso n\u00ba 001/2025 </b><span>.</span><b> </b><span>\u00e0 Equipe de Servidores que atuaram na linha frente ao combate a um inc\u00eandio de grandes propor\u00e7\u00f5es em uma carreta-tanque carregada de etanol anidro em Alto Araguaia-MT, na manh\u00e3 de domingo (26.01).\u00a0<span class=\"visualHighlight\"><em><strong>Lida e deliberada.</strong></em></span></span></p>\r\n<p style=\"text-align: justify; \">\u00a0</p>\r\n<p style=\"text-align: justify; \"><b><span>Autoria do Vereador Fabiano do G\u00e1s e diversos vereadores</span></b></p>\r\n<p style=\"text-align: justify; \"><b>Mo\u00e7\u00e3o de Pesar n\u00ba 001/2025 \u2013 </b><span>pelo falecimento de Rinaldo Coelho Cardoso.\u00a0<span class=\"visualHighlight\"><em><strong>Lida e deliberada.</strong></em></span></span></p>\r\n<p>\u00a0<b>\u00a0</b></p>\r\n<p><b><span>Autoria do Vereador Regis Oliveira</span></b></p>\r\n<p><b>Indica\u00e7\u00e3o n\u00ba 003/2025 </b><span>\u2013 \u201cIndicando a necessidade realiza\u00e7\u00e3o de seletivo para o Cargo de Agente Comunit\u00e1rio De Endemias\u201d.\u00a0<span class=\"visualHighlight\"><em><strong>Lida e deliberada.</strong></em></span></span></p>\r\n<p>\u00a0</p>", "author_name": "", "version": "1.0", "author_url": "https://www.altoaraguaia.mt.leg.br/author/adm", "provider_name": "C\u00c2MARA MUNICIPAL DE ALTO ARAGUAIA", "type": "rich"}