{"provider_url": "https://www.altoaraguaia.mt.leg.br", "title": "Resumo da 20\u00aa Sess\u00e3o Ordin\u00e1ria de 2024.", "html": "<h2 style=\"text-align: center; \"><b><span><img src=\"https://www.altoaraguaia.mt.leg.br/imagens/copy_of_dispensadeLicitao14.png/@@images/9f559411-a77b-48d7-9fd6-6a3ed2734fb8.png\" alt=\"\" class=\"image-inline\" title=\"\" /></span></b></h2>\r\n<h2 style=\"text-align: center; \"><b><span><br /></span></b></h2>\r\n<h2 style=\"text-align: center; \"><b><span>MAT\u00c9RIAS DO PODER EXECUTIVO</span></b></h2>\r\n<h3><b>PROJETOS NOVOS</b></h3>\r\n<p><b><span>\u00a0</span></b></p>\r\n<p style=\"text-align: justify; \"><em><b>PROJETO DE LEI DO EXECUTIVO N\u00ba 019, DE 13 DE JUNHO DE 2024 </b></em><em>\u2013 \u201cDisp\u00f5e</em> sobre a abertura de Cr\u00e9dito Adicional Suplementar no Or\u00e7amento do Exerc\u00edcio de 2024, lei n\u00ba 4551 de 12 de dezembro de 2023\u201d. <span class=\"visualHighlight\"><strong>Aprovado em regime de urg\u00eancia especial com 6 votos a favor.</strong></span></p>\r\n<p class=\" \" style=\"text-align: justify; \"><span class=\"discreet\"><em><strong>Emenda Supressiva n\u00ba01/2024 -\u00a0Art. 1\u00ba- Fica suprimido o artigo 3\u00b0 do Projeto de Lei n\u00b0 019/2024 contendo a seguinte reda\u00e7\u00e3o:\u00a0 \u201cArt. 3\u00ba - Fica autorizado a abertura de cr\u00e9dito suplementar na dota\u00e7\u00e3o prevista no artigo 1\u00ba at\u00e9 o limite de 10% (dez por cento) se caso necess\u00e1rio for.\u201d</strong> </em></span><strong><span class=\"discreet visualHighlight\">Rejeitada com 6 votos contr\u00e1rios.</span></strong></p>\r\n<p style=\"text-align: justify; \"><strong>Autoria Vereador Fabiano do G\u00e1s</strong></p>\r\n<p><em><b><br /></b></em></p>\r\n<p style=\"text-align: justify; \"><em><b>PROJETO DE LEI DO EXECUTIVO N\u00ba 020, DE 13 DE JUNHO DE 2024 - </b></em><em>\u201cDisp\u00f5e</em> sobre a abertura de Cr\u00e9dito Adicional Suplementar no Or\u00e7amento do Exerc\u00edcio de 2024, lei n\u00ba 4551 de 12 de dezembro de 2023\u201d.\u00a0<span class=\"visualHighlight\"><strong>Aprovado em regime de urg\u00eancia especial com 6 votos a favor.</strong></span></p>\r\n<p style=\"text-align: justify; \"><em><b><span class=\"discreet\"><em><strong>Emenda Supressiva n\u00ba01/2024 -\u00a0Art. 1\u00ba- Fica suprimido o artigo 3\u00b0 do Projeto de Lei n\u00b0 020/2024 contendo a seguinte reda\u00e7\u00e3o:\u00a0 \u201cArt. 3\u00ba - Fica autorizado a abertura de cr\u00e9dito suplementar na dota\u00e7\u00e3o prevista no artigo 1\u00ba at\u00e9 o limite de 10% (dez por cento) se caso necess\u00e1rio for.\u201d</strong>\u00a0</em></span><strong><span class=\"discreet visualHighlight\">Rejeitada com 6 votos contr\u00e1rios.</span></strong></b></em></p>\r\n<p style=\"text-align: justify; \"><strong>Autoria Vereador Fabiano do G\u00e1s</strong></p>\r\n<p><em><b><br /></b></em></p>\r\n<p style=\"text-align: justify; \"><em><b>PROJETO DE LEI DO EXECUTIVO N\u00ba 021, DE 13 DE JUNHO DE 2024 -</b></em><em> \u201cDisp\u00f5e</em> sobre a abertura de Cr\u00e9dito Adicional Suplementar no Or\u00e7amento do Exerc\u00edcio de 2024, lei n\u00ba 4551 de 12 de dezembro de 2023\u201d.\u00a0<span class=\"visualHighlight\"><strong>Aprovado em regime de urg\u00eancia especial com 6 votos a favor.</strong></span></p>\r\n<p style=\"text-align: justify; \"><em><b><span class=\"discreet\"><em><strong>Emenda Supressiva n\u00ba01/2024 -\u00a0Art. 1\u00ba- Fica suprimido o artigo 3\u00b0 do Projeto de Lei n\u00b0 021/2024 contendo a seguinte reda\u00e7\u00e3o:\u00a0 \u201cArt. 3\u00ba - Fica autorizado a abertura de cr\u00e9dito suplementar na dota\u00e7\u00e3o prevista no artigo 1\u00ba at\u00e9 o limite de 10% (dez por cento) se caso necess\u00e1rio for.\u201d</strong>\u00a0</em></span><strong><span class=\"discreet visualHighlight\">Rejeitada com 6 votos contr\u00e1rios.</span></strong></b></em></p>\r\n<p class=\" \" style=\"text-align: justify; \"><strong>Autoria Vereador Fabiano do G\u00e1s</strong></p>\r\n<p class=\" \"><em><strong><br /></strong></em></p>\r\n<p class=\" \" style=\"text-align: justify; \"><em><strong>PROJETO DE Lei n\u00ba 022, DE 14 de junho DE 2024.</strong> </em>\u201cAltera dispositivo da Lei Municipal n\u00ba 1.547, de 14 de outubro de 2003, corrigindo o valor do benef\u00edcio do Programa Feij\u00e3o no Fogo.\u201d <span class=\"visualHighlight\"><strong>Encaminhado \u00e0s Comiss\u00f5es competentes em regime de tramita\u00e7\u00e3o normal.</strong></span></p>\r\n<p style=\"text-align: justify; \">\u00a0</p>\r\n<p style=\"text-align: justify; \"><em><b>PROJETO DE LEI DO EXECUTIVO N\u00ba 023, DE 14 DE JUNHO DE 2024 - </b></em>\u201cAutoriza doa\u00e7\u00e3o de im\u00f3vel urbano \u00e0 Secretaria de Estado de Seguran\u00e7a P\u00fablica/MT, por interm\u00e9dio da POLITEC e d\u00e1 outras provid\u00eancias\u201d.\u00a0\u00a0<span class=\"visualHighlight\"><strong>Encaminhado \u00e0s Comiss\u00f5es competentes em regime de tramita\u00e7\u00e3o normal.</strong></span></p>\r\n<p style=\"text-align: justify; \"><span class=\"visualHighlight\"><strong><br /></strong></span></p>\r\n<p style=\"text-align: justify; \"><em><b>PROJETO DE LEI DO EXECUTIVO N\u00ba 024, DE 14 DE JUNHO DE 2024 - </b></em>\u201cDisp\u00f5e sobre a abertura de Cr\u00e9dito Adicional Suplementar no Or\u00e7amento do Exerc\u00edcio de 2024, lei n\u00ba 4551 de 12 de dezembro de 2023.\u201d\u00a0<span class=\"visualHighlight\"><strong>Aprovado em regime de urg\u00eancia especial com 6 votos a favor.</strong></span></p>\r\n<p style=\"text-align: justify; \"><em><b><span class=\"discreet\"><em><strong>Emenda Supressiva n\u00ba01/2024 -\u00a0Art. 1\u00ba- Fica suprimido o artigo 3\u00b0 do Projeto de Lei n\u00b0 021/2024 contendo a seguinte reda\u00e7\u00e3o:\u00a0 \u201cArt. 3\u00ba - Fica autorizado a abertura de cr\u00e9dito suplementar na dota\u00e7\u00e3o prevista no artigo 1\u00ba at\u00e9 o limite de 10% (dez por cento) se caso necess\u00e1rio for.\u201d</strong>\u00a0</em></span><strong><span class=\"discreet visualHighlight\">Rejeitada com 6 votos contr\u00e1rios.</span></strong></b></em></p>\r\n<p class=\" \" style=\"text-align: justify; \"><strong>Autoria Vereador Fabiano do G\u00e1s</strong></p>\r\n<p align=\"center\"><b><span>\u00a0</span></b></p>\r\n<h2 align=\"center\"><b><span>\u00a0</span></b><b>MAT\u00c9RIAS DO PODER LEGISLATIVO</b></h2>\r\n<p><b><span>\u00a0</span></b></p>\r\n<h3 style=\"text-align: justify; \"><b>PROJETO DEVOLVIDO DAS COMISS\u00d5ES</b></h3>\r\n<p style=\"text-align: justify; \"><b>\u00a0</b></p>\r\n<p style=\"text-align: justify; \"><b>PROJETO DE DECRETO LEGISLATIVO N\u00ba 008/2024 - \u201c</b>Concede T\u00edtulo de Cidad\u00e3o Araguaiense ao Sr. Jos\u00e9 Eug\u00eanio de Paiva. <span class=\"visualHighlight\"><strong>Aprovado</strong></span></p>\r\n<p style=\"text-align: justify; \"><b>Autoria da</b><b> Vereadora Odin\u00e9ia Mariana de Souza. </b><b></b></p>\r\n<p style=\"text-align: justify; \"><b><span>\u00a0</span></b></p>\r\n<h3 style=\"text-align: justify; \"><b><span>INDICA\u00c7\u00d5ES / MO\u00c7\u00d5ES </span></b></h3>\r\n<p style=\"text-align: justify; \"><b><span>\u00a0</span></b></p>\r\n<p style=\"text-align: justify; \"><b>Autoria dos Vereadores Fabiano do G\u00e1s e Ricardo Barbosa dos Santos</b></p>\r\n<p style=\"text-align: justify; \"><b>Indica\u00e7\u00e3o n\u00ba 062/2024 -</b><b> </b>\u201cSolicitando a reforma da ponte do Ribeir\u00e3ozinho na regi\u00e3o do Gato Preto, na MT 481\u201d.</p>\r\n<p style=\"text-align: justify; \"><b>Indica\u00e7\u00e3o n\u00ba 063/2024 - </b>\u201cSolicitando servi\u00e7o de manuten\u00e7\u00e3o nas estradas rurais da regi\u00e3o do Gato Preto\u201d.</p>\r\n<p style=\"text-align: justify; \"><b><span>\u00a0</span></b></p>\r\n<p style=\"text-align: justify; \"><b><span>Autoria do Vereador Marcos Nunes Gomes\u00a0 </span></b></p>\r\n<p style=\"text-align: justify; \"><b>Indica\u00e7\u00e3o n\u00ba 064/2024 - </b>\u201cQue seja feita a instala\u00e7\u00e3o de postes de energia el\u00e9trica na Rua Benedito Silv\u00e9rio da Costa, conhecida como rua de bloquete, no Bairro Boiadeiro\u201d</p>\r\n<p style=\"text-align: justify; \"><span>\u00a0</span></p>\r\n<p style=\"text-align: justify; \"><b>Autoria do Vereador Silvio Maia</b></p>\r\n<p style=\"text-align: justify; \"><b>Indica\u00e7\u00e3o n\u00ba 065/2024 -</b> \u201cSolicita\u00e7\u00e3o que seja realizada campanha informativa sobre a coleta seletiva de lixo e, posteriormente, seja colocada \u00e0 disposi\u00e7\u00e3o da popula\u00e7\u00e3o tambores de coleta seletiva de lixo com os padr\u00f5es de cores estabelecidos na Resolu\u00e7\u00e3o N\u00ba 275 do Conselho Nacional do Meio Ambiente (CONAMA).\u201d</p>\r\n<p style=\"text-align: justify; \"><b><span>\u00a0</span></b></p>\r\n<p style=\"text-align: justify; \"><b><span>Autoria do Vereador Marilzan Nunes da Costa</span></b></p>\r\n<p style=\"text-align: justify; \"><b>Mo\u00e7\u00e3o de Aplausos n\u00ba 023/2024 \u2013 </b>Ao <i>Sr.</i> Cacildo Hugueney da Cruz Bandeira pelos relevantes servi\u00e7os prestados como profissional na \u00e1rea de educa\u00e7\u00e3o. <span class=\"visualHighlight\"><strong>Aprovado</strong></span></p>\r\n<p style=\"text-align: justify; \"><b><span>\u00a0</span></b></p>\r\n<p style=\"text-align: justify; \"><b><span>Autoria do Vereador Ricardo Barbosa dos Santos </span></b></p>\r\n<p style=\"text-align: justify; \"><strong>Mo\u00e7\u00e3o de Aplausos n\u00ba 024/2024</strong> - Aos Agentes de Combate \u00e0s Endemias do Munic\u00edpio de Alto Araguaia-MT. <span class=\"visualHighlight\"><strong>Aprovado</strong></span></p>", "author_name": "", "version": "1.0", "author_url": "https://www.altoaraguaia.mt.leg.br/author/adm", "provider_name": "C\u00c2MARA MUNICIPAL DE ALTO ARAGUAIA", "type": "rich"}