{"provider_url": "https://www.altoaraguaia.mt.leg.br", "title": "Resumo da 21\u00aa Sess\u00e3o Ordin\u00e1ria de 2025.", "html": "<h2 style=\"text-align: center; \"><span><img src=\"https://www.altoaraguaia.mt.leg.br/imagens/copy2_of_dispensadeLicitao29.png/@@images/e52db004-266e-4068-8587-3d23a5c76a9c.png\" alt=\"\" class=\"image-inline\" title=\"\" /><br /></span></h2>\r\n<p><span><br /></span></p>\r\n<h2 style=\"text-align: center; \"><span><br /></span></h2>\r\n<h2 style=\"text-align: center; \"><span>MAT\u00c9RIAS DO PODER EXECUTIVO</span></h2>\r\n<p><span><br /></span></p>\r\n<p style=\"text-align: justify; \"><strong>Projeto de Lei n\u00ba28/2025 -</strong>\u00a0<span>Disp\u00f5e sobre a abertura de Cr\u00e9dito Adicional Especial no Or\u00e7amento do Exerc\u00edcio de 2025, lei n\u00ba 4611 de 04 de dezembro de 2024.<span class=\"visualHighlight\"><em><strong> Encaminhado em regime de tramita\u00e7\u00e3o normal.</strong></em></span></span></p>\r\n<p style=\"text-align: justify; \">\u00a0</p>\r\n<h2 style=\"text-align: center; \">MAT\u00c9RIAS DO PODER LEGISLATIVO</h2>\r\n<p>\u00a0</p>\r\n<h3>PROJETO DEVOLVIDO DAS COMISS\u00d5ES</h3>\r\n<p><span><br /></span></p>\r\n<p style=\"text-align: justify; \"><strong><span>Autoria mesa diretora (Marcos Nunes, Paulinho, Polleyka Fraga e Ricardo Barbosa)</span></strong></p>\r\n<p style=\"text-align: justify; \"><strong>Projeto de Lei n\u00ba13/2025 -</strong>\u00a0<span>\u201cAltera dispositivo da Lei n\u00ba 4.255, de 11 de mar\u00e7o de 2021 e d\u00e1 outras provid\u00eancias.\u201d <span class=\"visualHighlight\"><em><strong>Aprovado</strong></em></span></span></p>\r\n<p style=\"text-align: justify; \">\u00a0</p>\r\n<h2 style=\"text-align: center; \">INDICA\u00c7\u00c3O</h2>\r\n<p><strong><br /></strong></p>\r\n<p style=\"text-align: justify; \"><strong>Autoria vereador Marcos Nunes</strong></p>\r\n<p style=\"text-align: justify; \"><strong>Indica\u00e7\u00e3o n\u00ba81/2025 -</strong>\u00a0<span>Que seja realizada uma reforma completa no PSF Am\u00e9lio Firmino de Oliveira, no Distrito do Buriti\u201d. <span class=\"visualHighlight\"><em><strong>Lida e encaminhada.</strong></em></span></span></p>", "author_name": "", "version": "1.0", "author_url": "https://www.altoaraguaia.mt.leg.br/author/adm", "provider_name": "C\u00c2MARA MUNICIPAL DE ALTO ARAGUAIA", "type": "rich"}