{"provider_url": "https://www.altoaraguaia.mt.leg.br", "title": "Resumo da 23\u00aa Sess\u00e3o Ordin\u00e1ria de 2025.", "html": "<p style=\"text-align: center; \"><img src=\"https://www.altoaraguaia.mt.leg.br/imagens/dispensadeLicitao50.png/@@images/a55081a2-800e-4c9e-878e-d426a9ac7833.png\" alt=\"\" class=\"image-inline\" title=\"\" /></p>\r\n<p style=\"text-align: justify; \">\u00a0</p>\r\n<h2 style=\"text-align: center; \">MAT\u00c9RIAS DO PODER EXECUTIVO</h2>\r\n<p style=\"text-align: justify; \">\u00a0</p>\r\n<h3 style=\"text-align: justify; \">PROJETOS NOVOS</h3>\r\n<p>\u00a0</p>\r\n<p style=\"text-align: justify; \"><strong>Projeto de Lei n\u00ba31/2025</strong> - Autoriza repasse financeiro \u00e0 Institui\u00e7\u00e3o que menciona, para fins de aquisi\u00e7\u00e3o de aparelho de mamografia. <span class=\"visualHighlight\"><em><strong>Aprovado em regime de urg\u00eancia especial.</strong></em></span></p>\r\n<p style=\"text-align: justify; \"><strong>Projeto de Lei n\u00ba32/2025</strong> -\u00a0<span>Autoriza a celebra\u00e7\u00e3o de Conv\u00eanio de Colabora\u00e7\u00e3o Educacional entre o Munic\u00edpio de Alto Araguaia e a Funda\u00e7\u00e3o Universidade do Estado de Mato Grosso e a Funda\u00e7\u00e3o de Apoio ao Ensino, Pesquisa e Extens\u00e3o do Norte do Estado de Mato Grosso- FAEPEN/MT, para execu\u00e7\u00e3o do curso de Ci\u00eancias Cont\u00e1beis.\u00a0<span class=\"visualHighlight\"><em><strong>Aprovado em regime de urg\u00eancia especial.</strong></em></span></span></p>\r\n<p style=\"text-align: justify; \"><span><br /></span></p>\r\n<h3><span>PROJETOS DEVOLVIDOS DAS COMISS\u00d5ES</span></h3>\r\n<p><span><br /></span></p>\r\n<p style=\"text-align: justify; \"><strong>Projeto de Lei n\u00ba27/2025</strong> -\u00a0<span>Altera a reda\u00e7\u00e3o da Lei Municipal n.\u00ba 2.575, de 20 de outubro de 2009, que reestrutura o Regime Pr\u00f3prio de Previd\u00eancia Social do Munic\u00edpio de Alto Araguaia/MT e, d\u00e1 outras provid\u00eancias. <span class=\"visualHighlight\"><em><strong>Aprovado por unanimidade.</strong></em></span></span></p>\r\n<p style=\"text-align: justify; \"><span><strong>Projeto de Lei n\u00ba28/2025</strong> -\u00a0<span>Disp\u00f5e sobre a abertura de Cr\u00e9dito Adicional Especial no Or\u00e7amento do Exerc\u00edcio de 2025, lei n\u00ba 4611 de 04 de dezembro de 2024. </span></span><span class=\"visualHighlight\"><em><strong>Aprovado por unanimidade.</strong></em></span></p>\r\n<p style=\"text-align: justify; \"><span><span><br /></span></span></p>\r\n<h2 style=\"text-align: center; \"><span><span>MAT\u00c9RIAS DO PODER LEGISLATIVO</span></span></h2>\r\n<p style=\"text-align: justify; \"><span><span><br /></span></span></p>\r\n<h3><span><span>PROJETO NOVO</span></span></h3>\r\n<p><span><span><br /></span></span></p>\r\n<p style=\"text-align: justify; \"><span><span><strong>Projeto de Decreto n\u00ba03/2025</strong> -\u00a0<span>\u201cConcede T\u00edtulo de Cidad\u00e3o Araguaienseao Dr. Silvio Jos\u00e9 Silva\". <span class=\"visualHighlight\"><em><strong>Encaminhado em regime de tramita\u00e7\u00e3o normal.</strong></em></span></span></span></span></p>\r\n<p style=\"text-align: justify; \"><strong>Autoria vereador Paulinho</strong></p>\r\n<p style=\"text-align: justify; \"><span><span><span><br /></span></span></span></p>\r\n<h3><span><span><span>PROJETO DEVOLVIDO DAS COMISS\u00d5ES</span></span></span></h3>\r\n<p><span><span><span><br /></span></span></span></p>\r\n<p style=\"text-align: justify; \"><strong>Projeto de Lei n\u00ba14/2025</strong> - \u201cDisp\u00f5e sobre a preven\u00e7\u00e3o e o combate aos maus-tratos contra animais no Munic\u00edpio de Alto Araguaia e d\u00e1 outras provid\u00eancias\u201d. <span class=\"visualHighlight\"><em><strong>Aprovado por unanimidade</strong></em></span></p>\r\n<p style=\"text-align: justify; \"><strong>Autoria vereador Fabiano do G\u00e1s</strong></p>\r\n<h2>\u00a0</h2>\r\n<h2 style=\"text-align: center; \">INDICA\u00c7\u00d5ES / REQUERIMENTOS</h2>\r\n<p style=\"text-align: justify; \">\u00a0</p>\r\n<p style=\"text-align: justify; \"><strong>Autoria vereador Regis Oliveira</strong></p>\r\n<p style=\"text-align: justify; \"><strong>Indica\u00e7\u00e3o n\u00ba85/2025 -</strong>\u00a0<span>Sugerindo que seja feito a cobran\u00e7a das multas de limpeza e conserva\u00e7\u00f5es dos terrenos baldios via SMS ou Whatsapp no mun\u00edcipio de Alto Araguaia-MT.<span class=\"visualHighlight\"><em><strong> Lida e encaminhada</strong></em></span></span></p>\r\n<p style=\"text-align: justify; \"><strong>Requerimento n\u00ba27/2025 -\u00a0</strong><span>\u201cRequerendo as seguintes informa\u00e7\u00f5es relativas a ponte localizada na regi\u00e3o do Gato Preto, sentido Col\u00f4nia do Ariranha, na rodovia MT-481 no munic\u00edpio de Alto Araguaia \u2013 MT\u201d.<span class=\"visualHighlight\"><em><strong> Aprovado</strong></em></span></span></p>\r\n<p style=\"text-align: justify; \"><span><br /></span></p>\r\n<p style=\"text-align: justify; \"><strong>Autoria vereador Ricardo Barbosa</strong></p>\r\n<p style=\"text-align: justify; \"><span><strong>Indica\u00e7\u00e3o n\u00ba86/2025 -</strong>\u00a0<span>\u201cQue sejam realizados, com urg\u00eancia, os devidos reparos e manuten\u00e7\u00e3o no alambrado e na grama sint\u00e9tica do parquinho localizado na Pra\u00e7a da Matriz\u201d. <span class=\"visualHighlight\"><em><strong>Lida e encaminhada</strong></em></span></span></span></p>\r\n<p style=\"text-align: justify; \"><span><span><br /></span></span></p>\r\n<p style=\"text-align: justify; \"><strong>Autoria vereador Fabiano do G\u00e1s\u00a0</strong></p>\r\n<p style=\"text-align: justify; \"><span><span><strong>Indica\u00e7\u00e3o n\u00ba87/2025 -</strong>\u00a0<span>\u201csolicitando a reforma da Feira Municipal, bem como a constru\u00e7\u00e3o de um vagas de estacionamento na Avenida Jer\u00f4nimo Samita Maia, em frente ao referido espa\u00e7o.\u201d\u00a0</span></span></span><span class=\"visualHighlight\"><strong><em>Lida e encaminhada</em></strong></span></p>\r\n<p style=\"text-align: justify; \"><span><br /></span></p>\r\n<p style=\"text-align: justify; \"><strong>Autoria vereadora Martha Maia</strong></p>\r\n<p style=\"text-align: justify; \"><span><strong>Indica\u00e7\u00e3o n\u00ba88/2025 -\u00a0</strong><span>Sugerindo a proposi\u00e7\u00e3o de um Projeto de Lei que institua no \u00e2mbito de nosso Munic\u00edpio uma Gratifica\u00e7\u00e3o por Desempenho e Qualidade para as Equipes de Aten\u00e7\u00e3o Prim\u00e1ria \u00e0 Sa\u00fade e Sa\u00fade Bucal. <span class=\"visualHighlight\"><em><strong>Lida e encaminhada</strong></em></span></span></span></p>\r\n<p style=\"text-align: justify; \"><span><span><br /></span></span></p>\r\n<p style=\"text-align: justify; \"><strong>Autoria vereadora Polleyka Fraga</strong></p>\r\n<p style=\"text-align: justify; \"><span><span><strong>Indica\u00e7\u00e3o n\u00ba89/2025 -\u00a0</strong><span>\"Solicitando mutir\u00e3o de tapa-buracos nas ruas Santa Rita e Quintino Bocai\u00fava, vias de acesso ao bairro Gabiroba e \u00e0 Escola Maria Auxiliadora.\u201d <em><strong><span class=\"visualHighlight\">Lida e encaminhada</span></strong></em></span></span></span></p>\r\n<p style=\"text-align: justify; \"><span><span><span><br /></span></span></span></p>\r\n<p style=\"text-align: justify; \"><strong>Autoria vereador Renato Lopes</strong></p>\r\n<p style=\"text-align: justify; \"><span><span><span><strong>Indica\u00e7\u00e3o n\u00ba90/2025 -\u00a0</strong><span>Sugerindo ao Executivo que o reservat\u00f3rio de \u00e1gua de 15.000 litros que foi retirado da escola estadual Arlinda Pessoa Morbeck seja transferida para a escola do Gato Preto (zona rural) Escola Municipal Anibal Pereira Junior.<span class=\"visualHighlight\"><em><strong> Lida e encaminhada</strong></em></span></span></span></span></span></p>", "author_name": "", "version": "1.0", "author_url": "https://www.altoaraguaia.mt.leg.br/author/adm", "provider_name": "C\u00c2MARA MUNICIPAL DE ALTO ARAGUAIA", "type": "rich"}