{"provider_url": "https://www.altoaraguaia.mt.leg.br", "title": "Resumo da 26\u00aa Sess\u00e3o Ordin\u00e1ria de 2025.", "html": "<h2 style=\"text-align: center; \"><img src=\"https://www.altoaraguaia.mt.leg.br/imagens/Resumo.png/@@images/9cb439cc-04ed-437f-840c-179d2c95d662.png\" alt=\"\" class=\"image-inline\" title=\"\" /></h2>\r\n<h2 style=\"text-align: center; \"></h2>\r\n<h2 style=\"text-align: center; \">MAT\u00c9RIAS DO PODER EXECUTIVO</h2>\r\n<p style=\"text-align: justify; \">\u00a0</p>\r\n<h3 style=\"text-align: justify; \">PROJETOS NOVOS</h3>\r\n<p>\u00a0</p>\r\n<p style=\"text-align: justify; \"><strong>Projeto de Lei n\u00ba034/2025 -</strong> \"<span>Altera DISPOSITIVOS da Lei Municipal n\u00ba 3.451, de 17 de junho de 2014, atualizando a malha vi\u00e1ria que comp\u00f5e o Sistema de Transportes do Munic\u00edpio de Alto Araguaia.\"<span class=\"visualHighlight\"><em><strong> Encaminhado em regime de tramita\u00e7\u00e3o normal</strong></em></span></span></p>\r\n<p style=\"text-align: justify; \"><span><strong>Projeto de Lei n\u00ba035/2025 -</strong>\u00a0<span>Disp\u00f5e sobre a abertura de Cr\u00e9dito Adicional Suplementar no Or\u00e7amento do Exerc\u00edcio de 2025, Lei n\u00ba 4611 de 26 de novembro de 2024.<span class=\"visualHighlight\"><em><strong> Aprovado em regime de urg\u00eancia especial</strong></em></span></span></span></p>\r\n<p style=\"text-align: justify; \"><span><span><br /></span></span></p>\r\n<h3><span><span>PROJETOS DEVOLVIDOS DAS COMISS\u00d5ES</span></span></h3>\r\n<p><span><span><br /></span></span></p>\r\n<p style=\"text-align: justify; \"><strong>Veto n\u00ba01/2025</strong> -\u00a0<span>Veto ao Projeto de Lei do Legislativo n\u00ba 012/2025. <span class=\"visualHighlight\"><em><strong>Aprovado</strong></em></span></span></p>\r\n<p style=\"text-align: justify; \"><span><strong>Veto n\u00ba02/2025</strong> -\u00a0<span>Veto Integral ao Projeto de Lei do Legislativo n\u00ba 015/2025. <span class=\"visualHighlight\"><em><strong>Aprovado</strong></em></span></span></span></p>\r\n<p style=\"text-align: justify; \"><span><span><br /></span></span></p>\r\n<h2 style=\"text-align: center; \"><span><span>MAT\u00c9RIAS DO PODER LEGISLATIVO</span></span></h2>\r\n<p style=\"text-align: justify; \">\u00a0</p>\r\n<h3 style=\"text-align: justify; \">PROJETO NOVO</h3>\r\n<p>\u00a0</p>\r\n<p style=\"text-align: justify; \"><strong>Projeto de Decreto n\u00ba03/2025</strong> -\u00a0<span>\u201cConcede T\u00edtulo de Cidad\u00e3o Araguaienseao Dr. Silvio Jos\u00e9 Silva\". <span class=\"visualHighlight\"><em><strong>Aprovado</strong></em></span></span></p>\r\n<p style=\"text-align: justify; \"><strong>Autoria vereador Paulinho</strong></p>\r\n<p style=\"text-align: justify; \"><span><br /></span></p>\r\n<h2 style=\"text-align: center; \">INDICA\u00c7\u00d5ES / REQUERIMENTOS / MO\u00c7\u00c3O</h2>\r\n<p style=\"text-align: justify; \">\u00a0</p>\r\n<p style=\"text-align: justify; \"><strong>Autoria vereador Ricardo Barbosa</strong></p>\r\n<p style=\"text-align: justify; \"><strong>Mo\u00e7\u00e3o de Aplauso n\u00ba014/2025 -</strong>\u00a0<span>\u201cMo\u00e7\u00e3o de Congratula\u00e7\u00f5es e Aplausos ao Sr. Jer\u00f4nimo Marques Bispo\u201d. <span class=\"visualHighlight\"><em><strong>Aprovado</strong></em></span></span></p>\r\n<p style=\"text-align: justify; \"><span><br /></span></p>\r\n<p style=\"text-align: justify; \"><strong>Autoria vereadora Polleyka Fraga</strong></p>\r\n<p style=\"text-align: justify; \"><span><strong>Indica\u00e7\u00e3o n\u00ba095/2025 -\u00a0</strong><span>Solicitamos a possibilidade de destinar para as Mulheres e Filhas V\u00edtimas de Viol\u00eancia Dom\u00e9stica deste Munic\u00edpio, \"VAGAS NAS ATIVIDADES DE LUTA E DEFESA\u201d oferecidas pela Secretaria. <span class=\"visualHighlight\"><em><strong>Lida e encaminhada</strong></em></span></span></span></p>\r\n<p style=\"text-align: justify; \"><span><span><strong>Indica\u00e7\u00e3o n\u00ba096/2025</strong> -\u00a0<span>Solicitamos a Manuten\u00e7\u00e3o das Estradas no KM45, sentindo ao Munic\u00edpio de Araguainha. Sendo, as MU\u00b4S 27 e 75 na entrada para os Ranchos do Araguaia\u201d.\u00a0<span class=\"visualHighlight\"><em><strong>Lida e encaminhada\u00a0</strong></em></span></span></span></span></p>\r\n<p style=\"text-align: justify; \"><span><span><br /></span></span></p>\r\n<p style=\"text-align: justify; \"><strong>Autoria vereadora Martha Maia</strong></p>\r\n<p style=\"text-align: justify; \"><span><span><strong>Indica\u00e7\u00e3o n\u00ba097/2025 -</strong>\u00a0<span>Indica a necessidade urgente de envidar esfor\u00e7os para a atra\u00e7\u00e3o e disponibiliza\u00e7\u00e3o de m\u00e9dicos especialistas, notadamente reumatologistas e cardiologistas, para atendimento \u00e0 popula\u00e7\u00e3o de Alto Araguaia, por meio da rede p\u00fablica de sa\u00fade. <span class=\"visualHighlight\"><strong><em>Lida e encaminhada</em></strong></span></span></span></span></p>\r\n<p style=\"text-align: justify; \"><span><span><span><br /></span></span></span></p>\r\n<p style=\"text-align: justify; \"><strong>Autoria vereador Bruno Peron</strong></p>\r\n<p style=\"text-align: justify; \"><span><span><span><strong>Indica\u00e7\u00e3o n\u00ba098/2025</strong> - Que<span>\u00a0seja realizada ao menos uma vez por semana, a coleta regular de lixo no bairro Cintur\u00e3o Verde. <span class=\"visualHighlight\"><em><strong>Lida e encaminhada</strong></em></span></span></span></span></span></p>\r\n<p style=\"text-align: justify; \"><span><span><span><span><br /></span></span></span></span></p>\r\n<p style=\"text-align: justify; \"><strong>Autoria vereador Fabiano do G\u00e1s</strong></p>\r\n<p style=\"text-align: justify; \"><span><span><span><span><span><strong>Requerimento n\u00ba031/2025 -</strong> \"Requerendo informa\u00e7\u00f5es referente aos empenhos liquidados e anulados\". <span class=\"visualHighlight\"><em><strong>Aprovado</strong></em></span></span></span></span></span></span></p>\r\n<p style=\"text-align: justify; \"><span><span><span><span><span><strong>Indica\u00e7\u00e3o n\u00ba100/2025</strong> -\u00a0<span>\u201cSolicitando manuten\u00e7\u00e3o estrutural, higieniza\u00e7\u00e3o e controle sanit\u00e1rio na sala de atendimento odontol\u00f3gico do PSF da Cohab, em raz\u00e3o de condi\u00e7\u00f5es insalubres identificadas no local\u201d. <span class=\"visualHighlight\"><em><strong>Lida e encaminhada</strong></em></span></span></span></span></span></span></span></p>\r\n<p style=\"text-align: justify; \">\u00a0</p>\r\n<p style=\"text-align: justify; \"><strong>Autoria vereador Marcos Nunes</strong></p>\r\n<p style=\"text-align: justify; \"><strong>Indica\u00e7\u00e3o n\u00ba099/2025</strong> -\u00a0<span>\u201cQue tomem medidas legais para que seja proibida definitivamente a entrada de ve\u00edculos pesados no cruzamento da Rodovia Juscelino Kubitscheck (BR 364) com a Rua Ant\u00f4nio Aires Favero, no Bairro Boiadeiro.\u201d <span class=\"visualHighlight\"><em><strong>Lida e encaminhada</strong></em></span></span></p>\r\n<p style=\"text-align: justify; \"><span><br /></span></p>\r\n<p>\u00a0</p>\r\n<p>\u00a0</p>", "author_name": "", "version": "1.0", "author_url": "https://www.altoaraguaia.mt.leg.br/author/adm", "provider_name": "C\u00c2MARA MUNICIPAL DE ALTO ARAGUAIA", "type": "rich"}