{"provider_url": "https://www.altoaraguaia.mt.leg.br", "title": "Resumo da 27\u00aa Sess\u00e3o Ordin\u00e1ria de 2025.", "html": "<p style=\"text-align: center; \"><img src=\"https://www.altoaraguaia.mt.leg.br/imagens/copy_of_Resumo1.png/@@images/612f6a22-7085-4a7f-b216-aa35ce65dd06.png\" alt=\"\" class=\"image-inline\" title=\"\" /></p>\r\n<p>\u00a0</p>\r\n<p style=\"text-align: justify; \"><strong>A 27\u00aa Sess\u00e3o Ordin\u00e1ria desta segunda-feira (18/08/2025), foi marcada pela 2\u00aa Sess\u00e3o Solene para entrega de Mo\u00e7\u00f5es de Aplauso e T\u00edtulo de Cidad\u00e3o Araguaiense.\u00a0</strong><span>Os vereadores Paulinho, Bruno Peron, Marcos Nunes, Fabiano do G\u00e1s e Ricardo Barbosa, foram autores das homenagens. Confira abaixo, quem foram os homenageados da noite:</span></p>\r\n<p style=\"text-align: justify; \"><span><br /></span></p>\r\n<p style=\"text-align: justify; \"><strong>Autoria dos vereadores Marcos Nunes e Bruno Peron</strong></p>\r\n<p style=\"text-align: justify; \"><strong>Mo\u00e7\u00e3o de Aplausos n\u00ba015/2025</strong> em homenagem ao 50 anos da Loja Ma\u00e7\u00f4nica em Alto Araguaia-MT<b>,\u00a0</b>pelos relevantes servi\u00e7os prestados \u00e0 comunidade de Alt<span>ma\u00e7\u00f4nicos d</span><span>o Araguaia e regi\u00e3o, pautados nos princ\u00edpios a fraternidade, filantropia e do desenvolvimento humano.</span></p>\r\n<p style=\"text-align: center; \"><img src=\"https://www.altoaraguaia.mt.leg.br/imagens/23.png/@@images/66b80a02-c572-44c5-908c-4d7ea2ede52f.png\" alt=\"\" class=\"image-inline\" title=\"\" /></p>\r\n<p align=\"center\" class=\" \" style=\"text-align: justify; \">\u00a0</p>\r\n<p align=\"center\" class=\" \" style=\"text-align: justify; \"><strong>Autoria vereador Bruno Peron\u00a0</strong></p>\r\n<p class=\" \" style=\"text-align: justify; \"><strong>Mo\u00e7\u00e3o de Aplausos n\u00b0 004/2025</strong> em homenagem a equipe de policiais do 15\u00ba BPM de Alto Araguaia e 46\u00ba BPM de Santa Rita do Araguaia, que trabalharam incans\u00e1velmente na recaptura dos detentos fugitivos do pres\u00eddio de Mineiros-GO.</p>\r\n<p class=\" \" style=\"text-align: justify; \"><strong>Mo\u00e7\u00e3o de Aplausos n\u00ba010/2025</strong> em homenagem as escolas municipais Maria Julia de Almeida e Jos\u00e9 In\u00e1cio Fraga, pelo importante destaque no programa estadual ALFABETIZA-MT.</p>\r\n<p class=\" \" style=\"text-align: center; \">\u00a0<img src=\"https://www.altoaraguaia.mt.leg.br/imagens/25.png/@@images/bf7d5067-a941-4a7f-a146-0f48459820b9.png\" alt=\"\" class=\"image-inline\" title=\"\" /></p>\r\n<p class=\" \" style=\"text-align: justify; \">\u00a0</p>\r\n<p class=\" \" style=\"text-align: justify; \"><strong>Autoria vereador Paulinho</strong></p>\r\n<p class=\" \" style=\"text-align: justify; \"><strong>Mo\u00e7\u00e3o de Aplausos n\u00ba012/2025</strong> em homenagem aos 10 anos de servi\u00e7os prestados da Assistente Social, Ju\u00e7\u00e2nia dos Santos Bastos, junto a Secretaria de Assistencia Social de Alto Araguaia.</p>\r\n<p class=\" \" style=\"text-align: justify; \"><strong>Projeto de Decreto n\u00ba03/2025</strong>, que concede T\u00edtulo de Cidad\u00e3o Araguaiense ao Dr. Silvio Jos\u00e9 Silva, em homenagem aos longos anos de atua\u00e7\u00e3o na \u00e1rea de odontologia, no munic\u00edpio de Alto Araguaia, atuando por muitos anos como dentista na rede p\u00fablica de sa\u00fade.</p>\r\n<p class=\" \" style=\"text-align: center; \"><img src=\"https://www.altoaraguaia.mt.leg.br/imagens/26.png/@@images/d0ff7f59-ffed-428b-8d1c-a2fb959c05e4.png\" alt=\"\" class=\"image-inline\" title=\"\" /></p>\r\n<p class=\" \" style=\"text-align: justify; \">\u00a0</p>\r\n<p class=\" \" style=\"text-align: justify; \"><strong>Autoria vereador Ricardo Barbosa</strong></p>\r\n<p class=\" \" style=\"text-align: justify; \"><strong>Projeto de Decreto n\u00ba001/2025 e Mo\u00e7\u00e3o de Aplausos n\u00ba005/2025</strong> para o Tenente-Coronel Willyan Becker Demartini, em reconhecimento a\u00a0sua contribui\u00e7\u00e3o e\u00a0 compromisso com a comunidade araguaiense, na busca constante por melhorias na seguran\u00e7a p\u00fablica</p>\r\n<p class=\" \" style=\"text-align: justify; \"><strong>Mo\u00e7\u00e3o de Aplausos n\u00ba014/2025</strong> em homenagem ao Sr. Jer\u00f4nimo Ferreira Bispo, por sua participa\u00e7\u00e3o ativa nas sess\u00f5es ordin\u00e1rias desta casa, sendo exemplo de cidadania ativa e genu\u00edna, no munic\u00edpio de Alto Araguaia.</p>\r\n<p class=\" \" style=\"text-align: center; \">\u00a0<img src=\"https://www.altoaraguaia.mt.leg.br/imagens/24.png/@@images/306568da-147f-486b-aa79-a21a0dd20ed9.png\" alt=\"\" class=\"image-inline\" title=\"\" /></p>\r\n<p class=\" \" style=\"text-align: justify; \">\u00a0</p>\r\n<p class=\" \" style=\"text-align: justify; \"><strong>Autoria vereador Fabiano do G\u00e1s</strong></p>\r\n<p class=\" \" style=\"text-align: justify; \"><strong>Mo\u00e7\u00e3o de Aplausos n\u00ba001/2025</strong> em homenagem ao 1\u00ba N\u00facleo do Corpo de Bombeiros Militar de Alto Araguaia,\u00a0que atuaram na linha frente de combate a um inc\u00eandio de grandes propor\u00e7\u00f5es em uma carreta-tanque carregada de etanol anidro em Alto Araguaia-MT.</p>\r\n<p class=\" \" style=\"text-align: justify; \"><strong>Mo\u00e7\u00e3o de Aplausos n\u00ba007/2025</strong> em homenagem a prof\u00aa H\u00e9bia Marcia e seu marido Sr. Valter Moreira,\u00a0propriet\u00e1rios da escola Centro Educacional Eholim e Centro Educacional Elohim-Unidade Kadosh, pelo relevante investimento no munic\u00edpio de Alto Araguaia com a constru\u00e7\u00e3o de um novo pr\u00e9dio para melhor instala\u00e7\u00e3o da escola, representando um marco de avan\u00e7o na educa\u00e7\u00e3o do munic\u00edpio.</p>\r\n<p class=\" \" style=\"text-align: justify; \"><strong>Projeto de Decreto n\u00ba002/2025</strong>, que concede T\u00edtulo de Cidad\u00e3 Araguaiense a Sra. Cymara Neubern Osorio,\u00a0em reconhecimento aos servi\u00e7os prestados e relevante contribui\u00e7\u00e3o para o desenvolvimento do munic\u00edpio de Alto Araguaia, realizando\u00a0investimentos expressivos na constru\u00e7\u00e3o civil, destacando-se pela edifica\u00e7\u00e3o de pr\u00e9dios comerciais, como o Esta\u00e7\u00e3o, al\u00e9m de resid\u00eancias que atenderam \u00e0 crescente demanda habitacional do munic\u00edpio.</p>\r\n<p class=\" \" style=\"text-align: center; \"><img src=\"https://www.altoaraguaia.mt.leg.br/imagens/27.png/@@images/2b22c032-6759-4336-b8f7-ce3f390dfac4.png\" alt=\"\" class=\"image-inline\" title=\"\" /></p>\r\n<p class=\" \" style=\"text-align: justify; \">\u00a0</p>\r\n<p class=\" \" style=\"text-align: justify; \"><strong>Autoria vereadora Martha Maia</strong></p>\r\n<p class=\" \" style=\"text-align: justify; \"><strong>Mo\u00e7\u00e3o de Aplausos n\u00ba003/2025</strong>, em homenagem ao\u00a0Padre Jhonatha Almeida da Silva e aos 180 volunt\u00e1rios que auxiliaram na realiza\u00e7\u00e3o do Acampamento FAC, um evento que reuniu 130 jovens, que tiveram a oportunidade de viver uma experi\u00eancia transformadora de f\u00e9, ora\u00e7\u00e3o e aprofundamento na vida crist\u00e3, se conectando verdadeiramente com Deus e fortalecendo os princ\u00edpios que ir\u00e3o gui\u00e1-los por toda a vida.\u00a0<b>\u00a0</b></p>\r\n<p class=\" \" style=\"text-align: center; \"><b><img src=\"https://www.altoaraguaia.mt.leg.br/imagens/28.png/@@images/4adde6c8-6f99-41c0-a186-b7aa0e27a23a.png\" alt=\"\" class=\"image-inline\" title=\"\" /></b></p>\r\n<p class=\" \" style=\"text-align: center; \"><b><br /></b></p>\r\n<p class=\" \" style=\"text-align: left; \"><b>Para conferir todas as imagens desta Sess\u00e3o Solene, em sua \u00edntegra e fazer o download das mesmas, <a title=\"\" href=\"https://www.altoaraguaia.mt.leg.br/institucional/fotos/1a-sessao-solene-de-2025\" class=\"internal-link\" target=\"_self\">CLIQUE AQUI.</a></b></p>", "author_name": "", "version": "1.0", "author_url": "https://www.altoaraguaia.mt.leg.br/author/adm", "provider_name": "C\u00c2MARA MUNICIPAL DE ALTO ARAGUAIA", "type": "rich"}