{"provider_url": "https://www.altoaraguaia.mt.leg.br", "title": "Resumo da 29\u00aa Sess\u00e3o Ordin\u00e1rio de 2025.", "html": "<h2 style=\"text-align: center; \"><img src=\"https://www.altoaraguaia.mt.leg.br/imagens/Resumo4.png/@@images/557c60ee-63bf-4714-a2b7-8c79e2724ece.png\" alt=\"\" class=\"image-inline\" title=\"\" /></h2>\r\n<h2 style=\"text-align: center; \"></h2>\r\n<h2 style=\"text-align: center; \">MAT\u00c9RIAS DO PODER EXECUTIVO</h2>\r\n<p>\u00a0</p>\r\n<h3>PROJETOS NOVOS</h3>\r\n<p>\u00a0</p>\r\n<p style=\"text-align: justify; \"><strong>Projeto de Lei n\u00ba038/2025 -</strong>\u00a0<span>Autoriza a doa\u00e7\u00e3o de bens inserv\u00edveis do Patrim\u00f4nio P\u00fablico Municipal e d\u00e1 outras provid\u00eancias. <span class=\"visualHighlight\"><strong><em>Encaminhado em regime de tramita\u00e7\u00e3o normal.</em></strong></span></span></p>\r\n<p style=\"text-align: justify; \"><span><strong>Projeto de Lei n\u00ba039/2025</strong> -\u00a0<span>Altera dispositivos da Lei Municipal n\u00ba 1.969, de 12 de abril de 2006. <span class=\"visualHighlight\"><em><strong>Encaminhado em regime de tramita\u00e7\u00e3o normal.</strong></em></span></span></span></p>\r\n<p style=\"text-align: justify; \"><span><span><strong>Projeto de Lei n\u00ba040/2025</strong> -\u00a0<span>Altera dispositivo da Lei Municipal n\u00ba 3.279, de 03 de dezembro de 2013, que disp\u00f5e sobre a responsabilidade por valores referentes \u00e0s multas de tr\u00e2nsito decorrentes de infra\u00e7\u00f5es cometidas por funcion\u00e1rio p\u00fablico na condu\u00e7\u00e3o de ve\u00edculo oficial. <span class=\"visualHighlight\"><strong><em>Encaminhado em regime de tramita\u00e7\u00e3o normal.</em></strong></span></span></span></span></p>\r\n<p style=\"text-align: justify; \"><span><span><span><br /></span></span></span></p>\r\n<h3><span><span><span>PROJETOS DEVOLVIDOS DAS COMISS\u00d5ES</span></span></span></h3>\r\n<p><span><span><span><br /></span></span></span></p>\r\n<p style=\"text-align: justify; \"><strong>Projeto de Lei n\u00ba034/2025</strong> - \"<span>Altera dispositivos da Lei Municipal n\u00ba 3.451, de 17 de junho de 2014, atualizando a malha vi\u00e1ria que comp\u00f5e o Sistema de Transportes do Munic\u00edpio de Alto Araguaia.\"<span class=\"visualHighlight\"><em><strong> Aprovado</strong></em></span></span></p>\r\n<p style=\"text-align: justify; \">\u00a0</p>\r\n<h2 style=\"text-align: center; \">INDICA\u00c7\u00d5ES / EMENDAS / REQUERIMENTO / MO\u00c7\u00c3O\u00a0</h2>\r\n<p>\u00a0</p>\r\n<p style=\"text-align: justify; \"><strong>Autoria vereadora Martha Maia</strong></p>\r\n<p style=\"text-align: justify; \"><strong>Emenda n\u00ba 08/2025</strong> -\u00a0<span>Altera dispositivos relacionados \u00e0s taxas de licen\u00e7a, fiscaliza\u00e7\u00e3o e expediente, para dispensar atos p\u00fablicos de libera\u00e7\u00e3o e as respectivas cobran\u00e7as para atividades de baixo risco, em conformidade com a Lei Federal n\u00ba 13.874/2019 (Lei da Liberdade Econ\u00f4mica).\u00a0<span class=\"visualHighlight\"><em><strong>Encaminhado em regime de tramita\u00e7\u00e3o normal.</strong></em></span></span></p>\r\n<p style=\"text-align: justify; \"><span><strong>Emenda n\u00ba 09/2025</strong> -\u00a0<span>Altera dispositivos relacionados \u00e0 base de c\u00e1lculo e al\u00edquota do Imposto Sobre Servi\u00e7os de Qualquer Natureza (ISSQN) para profissionais liberais e sociedades uniprofissionais, estabelecendo al\u00edquota de 2% (dois por cento) sobre a base de c\u00e1lculo presumida.\u00a0<span class=\"visualHighlight\"><em><strong>Encaminhado em regime de tramita\u00e7\u00e3o normal.</strong></em></span></span></span></p>\r\n<p style=\"text-align: justify; \"><span><span><strong>Emenda n\u00ba 010/2025</strong> -\u00a0<span>Altera as al\u00edquotas da Contribui\u00e7\u00e3o para o Custeio do Servi\u00e7o de Ilumina\u00e7\u00e3o P\u00fablica (CIP) no Anexo XV do Projeto de Lei Complementar n\u00ba 001, de 11 de junho de 2025, a fim de ajustar a carga tribut\u00e1ria \u00e0 real necessidade de custeio do servi\u00e7o, promovendo maior justi\u00e7a fiscal e est\u00edmulo \u00e0 atividade econ\u00f4mica.\u00a0<span class=\"visualHighlight\"><em><strong>Encaminhado em regime de tramita\u00e7\u00e3o normal.</strong></em></span></span></span></span></p>\r\n<p style=\"text-align: justify; \"><span><span><strong>Requerimento n\u00ba 040/2025</strong> -\u00a0<span>Requer informa\u00e7\u00f5es detalhadas e as imediatas provid\u00eancias quanto \u00e0 n\u00e3o aplica\u00e7\u00e3o do valor mensal corrigido do Programa Feij\u00e3o no Fogo, institu\u00eddo pela Lei Municipal n\u00ba 1.547, de 14 de outubro de 2003, e alterado pela Lei Municipal n\u00ba 4.644, de 02 de julho de 2025. <span class=\"visualHighlight\"><em><strong>Aprovado por unanimidade.</strong></em></span></span></span></span></p>\r\n<p style=\"text-align: justify; \"><span><span><strong>Indica\u00e7\u00e3o n\u00ba 109/2025</strong> -\u00a0<span>Indica\u00e7\u00e3o para que sejam tomadas as devidas provid\u00eancias quanto \u00e0 substitui\u00e7\u00e3o das l\u00e2mpadas dos postes localizados na parte central da Rua Marechal Rondon, nas proximidades do Centro de Tratamento Man\u00e9 Falado. <span class=\"visualHighlight\"><strong><em>Lida e encaminhada</em></strong></span></span></span></span></p>\r\n<p><span><span><span><br /></span></span></span></p>\r\n<p><strong>Autoria vereador Ricardo Barbosa</strong></p>\r\n<p style=\"text-align: justify; \"><strong>Requerimento n\u00ba 032/2025</strong> -\u00a0<span>Solicitando informa\u00e7\u00f5es formais e pormenorizadas acerca das Indica\u00e7\u00f5es n\u00ba 004/2025, n\u00ba 056/2025, n\u00ba 063/2025 e n\u00ba 073/2025, por tratarem do mesmo tema, qual seja, a reforma da quadra sint\u00e9tica da Pra\u00e7a Ant\u00f4nio Silv\u00e9rio da Costa \u2013 Pra\u00e7a do Boiadeiro. <span class=\"visualHighlight\"><em><strong>Aprovado por unanimidade</strong></em></span></span></p>\r\n<p style=\"text-align: justify; \"><span><strong>Requerimento n\u00ba 039/2025</strong> -\u00a0<span>Solicitando informa\u00e7\u00f5es formais e pormenorizadas acerca da Indica\u00e7\u00e3o n\u00ba 065/2025, que solicita a recupera\u00e7\u00e3o urgente da fia\u00e7\u00e3o el\u00e9trica dos postes de ilumina\u00e7\u00e3o p\u00fablica da Rua Marechal Rondon, no trecho compreendido entre a MT-100 e a Rua Agostinho Demellas e da Indica\u00e7\u00e3o n\u00ba 079/2025, que solicita a recupera\u00e7\u00e3o urgente da fia\u00e7\u00e3o el\u00e9trica dos postes de ilumina\u00e7\u00e3o p\u00fablica do canteiro central da Rua Dr. Jos\u00e9 Morbeck (subida da rodovi\u00e1ria). <span class=\"visualHighlight\"><em><strong>Aprovado por unanimidade</strong></em></span></span></span></p>\r\n<p style=\"text-align: justify; \"><span><span><span class=\"visualHighlight\"><em><strong><br /></strong></em></span></span></span></p>\r\n<p style=\"text-align: justify; \"><strong>Autoria vereador R\u00e9gis Oliveira e Bruno Peron</strong></p>\r\n<p style=\"text-align: justify; \"><strong>Indica\u00e7\u00e3o n\u00ba 107/2025</strong> -\u00a0<span>\u201csugerindo que seja feita melhorias (Solda nas traves, colocar redes e fazer a sinaliza\u00e7\u00e3o do campo com cal virgem) em um campo de futebol de terra na Rua Mangabeira \u2013 Bairro Parque do Cerrado no mun\u00edcipio de Alto Araguaia-MT. \u201d <span class=\"visualHighlight\"><em><strong>Lida e encaminhada</strong></em></span></span></p>\r\n<p style=\"text-align: justify; \"><span><span class=\"visualHighlight\"><em><strong><br /></strong></em></span></span></p>\r\n<p style=\"text-align: justify; \"><strong>Autoria vereadora Polleyka Fraga</strong></p>\r\n<p style=\"text-align: justify; \"><strong>Indica\u00e7\u00e3o n\u00ba108/2025 -\u00a0</strong>\"Indico a Secretaria Municipal de Sa\u00fade, a possibilidade da realiza\u00e7\u00e3o de a\u00e7\u00f5es com o carro FUMAC\u00ca no Bairro Maria das Gra\u00e7as e demais bairros que se fizerem necess\u00e1rios. Pois, tais medidas se fazem necess\u00e1rias no combate por parte dos mosquitos transmissores de doen\u00e7as.\u201d\u00a0<span class=\"visualHighlight\"><em><strong>Lida e encaminhada</strong></em></span></p>\r\n<p style=\"text-align: justify; \"><span class=\"visualHighlight\"><em><strong><br /></strong></em></span></p>\r\n<p style=\"text-align: justify; \"><strong>Autoria vereador Renato Lopes</strong></p>\r\n<p style=\"text-align: justify; \"><strong>Indica\u00e7\u00e3o n\u00ba 110/2025 -\u00a0</strong>Sugerindo a cria\u00e7\u00e3o de uma horta municipal, a qual dever\u00e1 utilizar prioritariamente a da m\u00e3o de obra de reenducandos, com supervis\u00e3o adequada. A produ\u00e7\u00e3o da horta ter\u00e1 como destino atender fam\u00edlias benefici\u00e1rias de programas socias e \u00e0s escolas da rede municipal, creches , APAE e ao asilo.\u00a0<span class=\"visualHighlight\"><em><strong>Lida e encaminhada</strong></em></span></p>\r\n<p style=\"text-align: justify; \"><span class=\"visualHighlight\"><em><strong><br /></strong></em></span></p>\r\n<p style=\"text-align: justify; \"><strong>Autoria vereadores\u00a0Ad\u00e3o da Madeireira, Bruno Peron, Clodoaldo, Marcos Nunes, Paulinho, Polleyka Fraga, Regis Oliveira, Renato Lopes e Ricardo Barbosa</strong></p>\r\n<p style=\"text-align: justify; \"><strong>Mo\u00e7\u00e3o de Aplausos n\u00ba 016/2025 -\u00a0</strong>Mo\u00e7\u00e3o de congratula\u00e7\u00f5es e aplausos ao Sr. Gilvane da Silva pelos seus servi\u00e7os prestados na gest\u00e3o do Hospital Municipal de Alto Araguaia. <span class=\"visualHighlight\"><em><strong>Aprovado com 8 votos a favor e 2 abstens\u00f5es.</strong></em></span></p>", "author_name": "", "version": "1.0", "author_url": "https://www.altoaraguaia.mt.leg.br/author/adm", "provider_name": "C\u00c2MARA MUNICIPAL DE ALTO ARAGUAIA", "type": "rich"}