{"provider_url": "https://www.altoaraguaia.mt.leg.br", "title": "Resumo da 2\u00aa Sess\u00e3o Ordin\u00e1ria - 10/02/2025.", "html": "<h2 style=\"text-align: center; \"><b><span><img src=\"https://www.altoaraguaia.mt.leg.br/imagens/copy5_of_dispensadeLicitao1.png/@@images/e9e85cb8-4a1e-4302-ae86-15b25cc4b1a0.png\" alt=\"\" class=\"image-inline\" title=\"\" /></span></b></h2>\r\n<h2 style=\"text-align: center; \"><b><span><br /></span></b></h2>\r\n<h2 style=\"text-align: center; \"><b><span>MAT\u00c9RIAS DO PODER LEGISLATIVO</span></b></h2>\r\n<p align=\"center\"><b>\u00a0</b></p>\r\n<h3><b><span>INDICA\u00c7\u00d5ES E REQUERIMENTOS</span></b></h3>\r\n<p><b><span>\u00a0</span></b></p>\r\n<p style=\"text-align: justify; \"><b><span>Autoria da Vereadora Martha Maia</span></b></p>\r\n<p style=\"text-align: justify; \"><b><span></span></b><span style=\"text-align: justify; \">Indica\u00e7\u00e3o n\u00ba 004/2025 - \u201cseja realizada a manuten\u00e7\u00e3o da quadra sint\u00e9tica localizada na Pra\u00e7a Ant\u00f4nio Silv\u00e9rio da Costa.\u201d<span class=\"visualHighlight\"><em><strong> Lida e Deliberada.</strong></em></span></span></p>\r\n<p style=\"text-align: justify; \"><b>Requerimento n\u00ba 003/2025 </b>- requerendo as informa\u00e7\u00f5es sobre o cumprimento do Contrato 137/2022 (Instituto de Sa\u00fade Santa Rosa x Munic\u00edpio de Alto Araguaia). <span class=\"visualHighlight\"><em><strong>Aprovado</strong></em></span><span></span></p>\r\n<p style=\"text-align: justify; \"><b>Requerimento n\u00ba 005/2025 -<span> </span></b>requerendo todos os empenhos or\u00e7ament\u00e1rios do ano de 2024 que foram liquidados e pagos realizados com as farm\u00e1cias e com os postos de combust\u00edveis locais e todos os anexos que os acompanham. <span class=\"visualHighlight\"><em><strong>Aprovado</strong></em></span></p>\r\n<p style=\"text-align: justify; \">\u00a0</p>\r\n<p style=\"text-align: justify; \"><b><span>Autoria da Vereadora Polleyka Fraga</span></b></p>\r\n<p style=\"text-align: justify; \"><b>Indica\u00e7\u00e3o 005/2025 - \u201c</b><span>A solicita\u00e7\u00e3o da manuten\u00e7\u00e3o da ponte na estrada rural MU-74, localizada na regi\u00e3o do Barro Preto, onde h\u00e1 tr\u00e1fego de transporte escolar.\u201d <span class=\"visualHighlight\"><em><strong>Lida e Deliberada.</strong></em></span></span></p>\r\n<p class=\" \" style=\"text-align: justify; \"><strong>Mo\u00e7\u00e3o de Apoio 002/2025</strong> - \"<span>\u00a0Pelo falecimento do Pe. Danilo Rinaldi.\" <span class=\"visualHighlight\"><em><strong>Aprovada por unanimidade.</strong></em></span></span></p>\r\n<p style=\"text-align: justify; \"><b><br /></b></p>\r\n<p style=\"text-align: justify; \"><b>Autoria do Vereador Bruno Peron</b></p>\r\n<p style=\"text-align: justify; \"><b>Indica\u00e7\u00e3o n\u00ba 007/2025<i> - \u00a0</i></b>requerendo que seja disponibilizado um ve\u00edculo de uso exclusivo para a vigil\u00e2ncia sanit\u00e1ria. <span class=\"visualHighlight\"><strong><em>Lida e Deliberada.</em></strong></span></p>\r\n<p style=\"text-align: justify; \"><b>\u00a0</b></p>\r\n<p style=\"text-align: justify; \"><b><span>Autoria do Vereador Fabiano do G\u00e1s</span></b></p>\r\n<p style=\"text-align: justify; \"><b>Requerimento n\u00ba 002/2025 </b><span>-</span><span> </span><span>requerendo informa\u00e7\u00f5es referente aos empenhos liquidados e anulados.<span class=\"visualHighlight\"><strong><em> Aprovado.</em></strong></span></span></p>\r\n<p style=\"text-align: justify; \"><b><span>\u00a0</span></b></p>\r\n<p style=\"text-align: justify; \"><b><span>Autoria do Vereador Renato Lopes</span></b></p>\r\n<p style=\"text-align: justify; \"><b>Indica\u00e7\u00e3o n\u00ba 006/2025 -<span> </span></b>sugerindo necessidade de instala\u00e7\u00e3o de internet\u00a0 Starlink nos ve\u00edculos do Poder Executivo que prestam servi\u00e7o na Zona Rural. <span class=\"visualHighlight\"><em><strong>Lida e Deliberada.</strong></em></span></p>\r\n<p style=\"text-align: justify; \"><span class=\"visualHighlight\"><em><strong><br /></strong></em></span></p>\r\n<p style=\"text-align: justify; \"><b><span>Autoria do Vereador Marcos Nunes </span></b></p>\r\n<p style=\"text-align: justify; \"><b>Requerimento n\u00ba 004/2025 \u2013 </b><span>Requerendo a </span><i>volta dos atendimentos no Posto da Receita Federal, na Sede da Prefeitura.</i><b><i>\u00a0<span class=\"visualHighlight\">Aprovado.</span></i></b></p>\r\n<p style=\"text-align: justify; \">\u00a0</p>", "author_name": "", "version": "1.0", "author_url": "https://www.altoaraguaia.mt.leg.br/author/adm", "provider_name": "C\u00c2MARA MUNICIPAL DE ALTO ARAGUAIA", "type": "rich"}