{"provider_url": "https://www.altoaraguaia.mt.leg.br", "title": "Resumo da 30\u00aa Sess\u00e3o Ordin\u00e1ria de 2025.", "html": "<p style=\"text-align: center; \"><img src=\"https://www.altoaraguaia.mt.leg.br/imagens/Resumo5.png/@@images/6fc81c2a-d81c-42aa-9317-9e7149b06236.png\" alt=\"\" class=\"image-inline\" title=\"\" /></p>\r\n<p>\u00a0</p>\r\n<h2 style=\"text-align: center; \">MAT\u00c9RIAS DO PODER EXECUTIVO\u00a0</h2>\r\n<h2>\u00a0</h2>\r\n<h3 style=\"text-align: justify; \">PROJETO NOVO</h3>\r\n<p>\u00a0</p>\r\n<p style=\"text-align: justify; \"><span style=\"text-align: center; \"><strong>Projeto de Lei n\u00ba 41/202</strong>5 -\u00a0</span><span style=\"text-align: center; \">Estima a receita e fixa a despesa do munic\u00edpio de Alto Araguaia, Estado de Mato Grosso, para o exerc\u00edcio de 2026.\u00a0<span class=\"visualHighlight\"><em><strong>Encaminhada em regime de tramita\u00e7\u00e3o normal</strong></em></span></span></p>\r\n<p style=\"text-align: left; \"><span style=\"text-align: center; \"><br /></span></p>\r\n<h3 style=\"text-align: left; \"><span style=\"text-align: center; \">MAT\u00c9RIAS INSERIDAS NO EXPEDIENTE DO DIA</span></h3>\r\n<p style=\"text-align: justify; \"><span><br /></span></p>\r\n<p style=\"text-align: justify; \"><strong>Autoria dos vereadores\u00a0Ad\u00e3o da Madeireira, Bruno Peron, Clodoaldo, Fabiano do G\u00e1s, Marcos Nunes, Paulinho, Polleyka Fraga, Regis Oliveira, Renato Lopes, Ricardo Barbosa</strong></p>\r\n<p style=\"text-align: justify; \"><span style=\"text-align: center; \"><strong>Emenda n\u00ba011/2025</strong> - \"<span>Aditiva o texto do PLC 001/2025 que institui o novo C\u00f3digo Tribut\u00e1rio Municipal de Alto Araguaia \u2013 MT.\"\u00a0<span class=\"visualHighlight\"><em><strong>Encaminhada em regime de tramita\u00e7\u00e3o normal</strong></em></span></span></span></p>\r\n<p style=\"text-align: justify; \"><strong><span style=\"text-align: center; \"><br /></span></strong></p>\r\n<p style=\"text-align: justify; \"><strong><span style=\"text-align: center; \">Autoria dos vereadores\u00a0Ad\u00e3o da Madeireira, Bruno Peron, Clodoaldo, Fabiano do G\u00e1s, Marcos Nunes, Paulinho, Polleyka Fraga, Regis Oliveira, Renato Lopes, Ricardo Barbosa</span></strong></p>\r\n<p style=\"text-align: justify; \"><span style=\"text-align: center; \"><span><strong>Emenda n\u00ba012/2025</strong> - \"<span>Aditiva o texto do PLC 001/2025 que institui o novo C\u00f3digo Tribut\u00e1rio Municipal de Alto Araguaia \u2013 MT.\" <span class=\"visualHighlight\"><em><strong>Encaminhada em regime de tramita\u00e7\u00e3o normal</strong></em></span></span></span></span></p>\r\n<p style=\"text-align: justify; \"><span style=\"text-align: center; \"><span><span><br /></span></span></span></p>\r\n<h2 style=\"text-align: center; \"><span style=\"text-align: center; \"><span><span>INDICA\u00c7\u00d5ES / REQUERIMENTOS</span></span></span></h2>\r\n<p style=\"text-align: left; \"><strong><span style=\"text-align: center; \"><br /></span></strong></p>\r\n<p style=\"text-align: left; \"><strong>Autoria vereador Fabiano do G\u00e1s</strong></p>\r\n<p style=\"text-align: justify; \"><strong>Indica\u00e7\u00e3o n\u00ba 111/2025</strong> -\u00a0<span>Solicitando que estude a viabilidade de implanta\u00e7\u00e3o de atendimento do CRAS (Centro de Refer\u00eancia de Assist\u00eancia Social) nas depend\u00eancias do pr\u00e9dio da Assist\u00eancia Social, em dias alternados da semana, ou, alternativamente, a abertura de uma sala com atendimento di\u00e1rio no local.\u00a0<span>Lida e encaminhada</span></span></p>\r\n<p style=\"text-align: left; \"><span><br /></span></p>\r\n<p style=\"text-align: left; \"><strong>Autoria vereadora Martha Maia</strong></p>\r\n<p style=\"text-align: justify; \"><span><strong>Requerimento n\u00ba042/2025</strong> -\u00a0<span>Requer que sejam prestadas as informa\u00e7\u00f5es e provid\u00eancias da Secretaria Municipal de Sa\u00fade ao n\u00e3o encaminhar pacientes de Alto Araguaia para consultas e exames cardiol\u00f3gicos e tomografias na Cl\u00ednica Sa\u00fade Mais. <span class=\"visualHighlight\"><em><strong>Aprovado</strong></em></span></span></span></p>\r\n<p style=\"text-align: justify; \"><span><strong>Indica\u00e7\u00e3o n\u00ba112/2025</strong> -\u00a0<span>Solicitando provid\u00eancias quanto \u00e0 necessidade de reforma e revitaliza\u00e7\u00e3o da quadra poliesportiva coberta situada no Bairro Jardim Novo Araguaia.\u00a0<span class=\"visualHighlight\"><em><strong>Lida e encaminhada</strong></em></span></span></span></p>\r\n<p style=\"text-align: left; \"><span><br /></span></p>\r\n<p style=\"text-align: left; \"><strong>Autoria vereador Polleyka Fraga</strong></p>\r\n<p style=\"text-align: justify; \"><span><strong>Indica\u00e7\u00e3o n\u00ba114/2025</strong> -\u00a0<span>Solicitamos a possibilidade de disponibilizar aos cuidados da Dire\u00e7\u00e3o da Cadeia P\u00fablica local, a MAQUINA DE FRALDAS desta Secretaria para uso dos Reeducandos da Cadeia P\u00fablica para a Fabrica\u00e7\u00e3o de Fraldas Geri\u00e1tricas, com o objetivo de ampliar e qualificar os Reeducandos inseridos nos Projetos de Ressocializa\u00e7\u00e3o realizados na Cadeia P\u00fablica.<span class=\"visualHighlight\">\u00a0<em><strong>Lida e encaminhada</strong></em></span></span></span></p>\r\n<p style=\"text-align: justify; \">\u00a0</p>\r\n<p style=\"text-align: left; \"><strong>Autoria vereador Ad\u00e3o da Madeireira</strong></p>\r\n<p style=\"text-align: justify; \"><strong>Indica\u00e7\u00e3o n\u00ba113/2025 -\u00a0</strong><span>Que disponibilizem alimenta\u00e7\u00e3o ap\u00f3s exames, tratamentos e consultas para os pacientes que precisam se descolocar para Rondon\u00f3polis.\u00a0<span class=\"visualHighlight\"><em><strong>Lida e encaminhada</strong></em></span></span></p>\r\n<p style=\"text-align: left; \"><span><br /></span></p>\r\n<p style=\"text-align: justify; \"><strong>Autoria vereador Marcos Nunes</strong></p>\r\n<p style=\"text-align: justify; \"><span><strong>Indica\u00e7\u00e3o n\u00ba115/2025</strong> -\u00a0<span>Que disponibilizem alimenta\u00e7\u00e3o ap\u00f3s exames, tratamentos e consultas para os pacientes que precisam se descolocar para Rondon\u00f3polis. <span class=\"visualHighlight\"><em><strong>Lida e encaminhada</strong></em></span></span></span></p>\r\n<p style=\"text-align: justify; \"><strong>Indica\u00e7\u00e3o n\u00ba116/2025</strong> -\u00a0<span>A instala\u00e7\u00e3o de parques infantis em todas as Escolas Municipais de Alto Araguaia.\u00a0<span class=\"visualHighlight\"><em><strong>Lida e encaminhada</strong></em></span></span></p>\r\n<p style=\"text-align: justify; \"><span style=\"text-align: center; \"><span><span><br /></span></span></span></p>", "author_name": "", "version": "1.0", "author_url": "https://www.altoaraguaia.mt.leg.br/author/adm", "provider_name": "C\u00c2MARA MUNICIPAL DE ALTO ARAGUAIA", "type": "rich"}