{"provider_url": "https://www.altoaraguaia.mt.leg.br", "title": "Resumo da 33\u00aa Sess\u00e3o Ordin\u00e1ria de 2025.", "html": "<p style=\"text-align: center; \">\u00a0<img src=\"https://www.altoaraguaia.mt.leg.br/imagens/Resumo9.png/@@images/65beebb4-d3c7-4872-82e3-44283b29f8d4.png\" alt=\"\" class=\"image-inline\" title=\"\" /></p>\r\n<h2 style=\"text-align: center; \">MAT\u00c9RIAS DO PODER EXECUTIVO</h2>\r\n<p style=\"text-align: justify; \">\u00a0</p>\r\n<h3 style=\"text-align: justify; \">PROJETO DEVOLVIDO DAS COMISS\u00d5ES</h3>\r\n<p style=\"text-align: justify; \">Projeto de Lei n\u00ba042/2025 -\u00a0<span>Altera dispositivos da Lei Municipal n\u00ba 4.642, de 22 de maio de 2025, e d\u00e1 outras provid\u00eancias. <span class=\"visualHighlight\"><em><strong>Aprovado por unanimidade</strong></em></span></span></p>\r\n<p style=\"text-align: justify; \">\u00a0</p>\r\n<h2 style=\"text-align: center; \">MAT\u00c9RIAS DO PODER LEGISLATIVO</h2>\r\n<p style=\"text-align: justify; \">\u00a0</p>\r\n<h3 style=\"text-align: justify; \">PROJETOS NOVOS</h3>\r\n<p>\u00a0</p>\r\n<p style=\"text-align: justify; \"><strong>Projeto de Lei n\u00ba018/2025</strong> -\u00a0<span>Institui a Pol\u00edtica Municipal de Apoio Integral a Mulheres em Situa\u00e7\u00e3o de Viol\u00eancia Dom\u00e9stica e Familiar no Munic\u00edpio de Alto Araguaia e d\u00e1 outras provid\u00eancias. <span class=\"visualHighlight\"><em><strong>Encaminhado em regime de tramita\u00e7\u00e3o normal</strong></em></span></span></p>\r\n<p style=\"text-align: justify; \"><strong>Autoria vereadora Martha Maia</strong></p>\r\n<p style=\"text-align: justify; \"><span><br /></span></p>\r\n<p style=\"text-align: justify; \"><strong>Projeto de Lei n\u00ba019/2025</strong> -\u00a0<span>\u201cDisp\u00f5e sobre a instala\u00e7\u00e3o de c\u00e2meras de monitoramento nos ve\u00edculos utilizados no transporte escolar da rede p\u00fablica municipal no Munic\u00edpio de Alto Araguaia - MT, e d\u00e1 outras provid\u00eancias.\u201d\u00a0<span class=\"visualHighlight\"><em><strong>Encaminhado em regime de tramita\u00e7\u00e3o normal</strong></em></span></span></p>\r\n<p style=\"text-align: justify; \"><strong>Autoria vereador R\u00e9gis Oliveira</strong></p>\r\n<p style=\"text-align: justify; \"><span><span><br /></span></span></p>\r\n<h2 style=\"text-align: center; \"><span><span>INDICA\u00c7\u00d5ES / MO\u00c7\u00c3O DE APLAUSO</span></span></h2>\r\n<h2><span><span><br /></span></span></h2>\r\n<p style=\"text-align: justify; \"><strong>Autoria vereador Ad\u00e3o da Madeireira</strong></p>\r\n<p style=\"text-align: justify; \"><span><span><strong>Indica\u00e7\u00e3o n\u00ba122/2025</strong> -\u00a0<span>Sugerindo que seja realizada a instala\u00e7\u00e3o de uma caixa d\u2019\u00e1gua com capacidade de 50.000 (cinquenta mil) litros no Bairro S\u00e3o Francisco, neste munic\u00edpio. <span class=\"visualHighlight\"><em><strong>Lida e encaminhada</strong></em></span></span></span></span></p>\r\n<p style=\"text-align: justify; \"><span><span><span><strong>Indica\u00e7\u00e3o n\u00ba129/2025</strong> -\u00a0<span>Sugerindo a necessidade da realiza\u00e7\u00e3o de levantamento e cascalhamento da segunda travessia que faz liga\u00e7\u00e3o entre o Bairro Nossa Senhora Aparecida e o Bairro Maria das Gra\u00e7as. <span class=\"visualHighlight\"><em><strong>Lida e encaminhada</strong></em></span></span></span></span></span></p>\r\n<p style=\"text-align: justify; \"><span><span><span><span><br /></span></span></span></span></p>\r\n<p style=\"text-align: justify; \"><strong>Autoria vereador Renato Lopes</strong></p>\r\n<p style=\"text-align: justify; \"><strong>Indica\u00e7\u00e3o n\u00ba126/2025</strong> -\u00a0<span>Sugerindo ao Poder Executivo Municipal que seja realizada a troca dos bancos da Pra\u00e7a da Matriz, atualmente de madeira, por bancos de concreto, visando oferecer maior durabilidade e resist\u00eancia. Para que sejam apresentados \u00e0 popula\u00e7\u00e3o com mais seguran\u00e7a e conforto. <span class=\"visualHighlight\"><em><strong>Lida e encaminhada</strong></em></span></span></p>\r\n<p style=\"text-align: justify; \"><span><span><br /></span></span></p>\r\n<p style=\"text-align: justify; \"><strong>Autoria vereadora Polleyka Fraga</strong></p>\r\n<p style=\"text-align: justify; \"><span><span><strong>Indica\u00e7\u00e3o n\u00ba123/2025 -</strong>\u00a0\u00a0<span>\u201cA possibilidade da Realiza\u00e7\u00e3o mensal ou semestral da Feira Gastron\u00f4mica e de Artesanato na Pra\u00e7a Municipal ou no Parque Municipal, com o objetivo de valorizar os pequenos empreendedores, artes\u00e3os, cozinheiros e produtores locais\u201d. <span class=\"visualHighlight\"><em><strong>Lida e encaminhada</strong></em></span></span></span></span></p>\r\n<p style=\"text-align: justify; \"><span><span><span><strong>Indica\u00e7\u00e3o n\u00ba124/2025</strong> -\u00a0\u00a0<span>\u201cA possibilidade de promover um Campeonato de Pesca Esportiva \u00e0s margens do Rio Araguaia, em parceria com ranchos locais, associa\u00e7\u00f5es e comerciantes da regi\u00e3o\u201d, atendendo dentro das conformidades o Calend\u00e1rio de Pesca em \u00e1guas doces em 2025 varia conforme a legisla\u00e7\u00e3o de cada estado e regi\u00e3o, e respeitando o per\u00edodo de Piracema (a \u00e9poca de defeso para reprodu\u00e7\u00e3o dos peixes) em nossa Regi\u00e3o\u201d.<em><span class=\"visualHighlight\"> <strong>Lida e encaminhada</strong></span></em></span></span></span></span></p>\r\n<p style=\"text-align: justify; \"><span><span><span><span><strong>Indica\u00e7\u00e3o n\u00ba127/2025</strong> -\u00a0<span>\u201cSolicito a possibilidade de promover a substitui\u00e7\u00e3o da Fia\u00e7\u00e3o e das L\u00e2mpadas de Led, na Orla do Bilin\u00e3o, as margens do Rio Araguaia\u201d. <em><span class=\"visualHighlight\"><strong>Lida e encaminhada</strong></span></em></span></span></span></span></span></p>\r\n<p style=\"text-align: justify; \"><span><span><span><span><span><br /></span></span></span></span></span></p>\r\n<p style=\"text-align: justify; \"><strong>Autoria vereador Regis Oliveira</strong></p>\r\n<p style=\"text-align: justify; \"><span><span><span><span><span><strong>Indica\u00e7\u00e3o n\u00ba128/2025</strong> -\u00a0<span>\u201cSugere ao Poder Executivo que elabore Projeto de Lei para instituir remunera\u00e7\u00e3o aos associados da Casa do Mel pela presta\u00e7\u00e3o do servi\u00e7o de retirada de abelhas no munic\u00edpio Alto Araguaia - MT.\u201d <span class=\"visualHighlight\"><em><strong>Lida e encaminhada</strong></em></span></span></span></span></span></span></span></p>\r\n<p style=\"text-align: justify; \"><span><br /></span></p>\r\n<p style=\"text-align: justify; \"><strong>Autoria vereadora Martha Maia\u00a0</strong></p>\r\n<p style=\"text-align: justify; \"><span><strong>Indica\u00e7\u00e3o n\u00ba128/2025</strong> -\u00a0<span>Solicitando a reforma urgente e completa do Terminal Rodovi\u00e1rio de Alto Araguaia. <span class=\"visualHighlight\"><em><strong>Lida e encaminhada</strong></em></span></span></span></p>\r\n<p style=\"text-align: justify; \"><span><span><br /></span></span></p>\r\n<p style=\"text-align: justify; \"><strong>Autoria vereador Marcos Nunes</strong></p>\r\n<p style=\"text-align: justify; \"><span><span><strong>Mo\u00e7\u00e3o de Aplausos n\u00ba017/2025</strong> -\u00a0<span>Mo\u00e7\u00e3o de Congratula\u00e7\u00e3o e Aplauso \u00e0 professora LILIAN PEREIRA CARRIJO pelos seus servi\u00e7os prestados na educa\u00e7\u00e3o de Alto Araguaia-MT. <span class=\"visualHighlight\"><em><strong>Aprovada por unanimidade</strong></em></span></span></span></span></p>\r\n<p style=\"text-align: justify; \"><span><span><span><span><span><br /></span></span></span></span></span></p>\r\n<p><span><span><span><span><span><br /></span></span></span></span></span></p>\r\n<p><span><span><span><span><br /></span></span></span></span></p>\r\n<p><span><span><br /></span></span></p>", "author_name": "", "version": "1.0", "author_url": "https://www.altoaraguaia.mt.leg.br/author/adm", "provider_name": "C\u00c2MARA MUNICIPAL DE ALTO ARAGUAIA", "type": "rich"}