{"provider_url": "https://www.altoaraguaia.mt.leg.br", "title": "Resumo da 34\u00aa Sess\u00e3o Ordin\u00e1ria - 09/10/2023", "html": "<p style=\"text-align: center; \"><strong>MAT\u00c9RIAS DO PODER EXECUTIVO</strong></p>\r\n<p><strong>PROJETOS NOVOS:</strong></p>\r\n<p style=\"text-align: justify; \"><strong>PROJETO DE LEI DO EXECUTIVO N\u00ba 051/2023 \u2013\u00a0</strong>\u201cDisp\u00f5e sobre autoriza\u00e7\u00e3o de Permiss\u00e3o de Uso e d\u00e1 outras provid\u00eancias.\u201d<span><span>\u00a0(Encaminhado em Regime de Tramita\u00e7\u00e3o Normal)</span></span></p>\r\n<p style=\"text-align: justify; \"><span><strong>PROJETO DE LEI DO EXECUTIVO N\u00ba 052/2023 \u2013</strong>\u00a0</span><span>\u201cDisp\u00f5e sobre a pol\u00edtica habitacional de interesse social do munic\u00edpio de Alto Araguaia.\u201d</span><span><span>(Aprovado em Regime de Urg\u00eancia Especial)</span></span></p>\r\n<p style=\"text-align: justify; \"><strong>PROJETO DE LEI DO EXECUTIVO N\u00ba 053/2023 \u2013\u00a0</strong><span>\u201cDisp\u00f5e sobre a abertura de Cr\u00e9dito Adicional Suplementar no Or\u00e7amento do Exerc\u00edcio de 2023, Lei n\u00ba 4.464, de 09 de dezembro de 2022.\u201d</span><span><span>(Encaminhado em Regime de Tramita\u00e7\u00e3o Normal)</span></span></p>\r\n<p style=\"text-align: justify; \"><strong>PROJETO DE LEI DO EXECUTIVO N\u00ba 054/2023 \u2013</strong><span>\u00a0\u201cDisp\u00f5e sobre a abertura de Cr\u00e9dito Adicional Suplementar no Or\u00e7amento do Exerc\u00edcio de 2023, Lei n\u00ba 4464, de 09 de dezembro de 2022.\u201d\u00a0</span><span><span>(Encaminhado em Regime de Tramita\u00e7\u00e3o Normal)\u00a0</span></span></p>\r\n<p style=\"text-align: center; \"><strong>MAT\u00c9RIAS DO PODER LEGISLATIVO</strong></p>\r\n<p><strong>PROJETO\u00a0NOVO:</strong></p>\r\n<p style=\"text-align: justify; \"><strong>PROJETO DE LEI DO LEGISLATIVO N\u00ba 021/2023 \u2013\u00a0</strong><span>\u201cDisp\u00f5e sobre a equi- dade nas premia\u00e7\u00f5es esportivas concedidas a homens e as mulheres em eventos realizados no munic\u00edpio de Alto Araguaia-MT.\u201d\u00a0</span><span><span>(Encaminhado em Regime de Tramita\u00e7\u00e3o Normal)</span></span></p>\r\n<p style=\"text-align: justify; \"><em><strong>Autoria:\u00a0Odin\u00e9ia Mariana de Souza.</strong></em></p>\r\n<p style=\"text-align: justify; \"><strong>PROJETOS DEVOLVIDOS DAS COMISS\u00d5ES:</strong></p>\r\n<p style=\"text-align: justify; \"><strong>PROJETO DE DECRETO LEGISLATIVO N\u00ba 008/2023 \u2013</strong><span>\u00a0\u201cConcede t\u00edtulo de Cidad\u00e3 Araguaiense \u00e0 Sra. Ana Luzia Gomes Pereira.\u201d\u00a0</span><span><span>(Projeto Aprovado)</span></span></p>\r\n<p style=\"text-align: justify; \"><em><strong>Autoria:\u00a0Marcos Nunes Gomes.</strong></em></p>\r\n<p style=\"text-align: justify; \"><strong>PROJETO DE DECRETO LEGISLATIVO N\u00ba 009/2023 \u2013</strong><span><strong>\u00a0</strong>\u201cConcede t\u00edtulo de Cidad\u00e3 Araguaiense \u00e0 Sra. M\u00f4nica Reis e Silva Cazoni Anicesio.\u201d\u00a0</span><span><span>(Projeto Aprovado)</span></span></p>\r\n<p style=\"text-align: justify; \"><em><strong>Autoria:\u00a0Odin\u00e9ia Mariana de Souza e Luizinho.</strong></em></p>\r\n<p style=\"text-align: justify; \"><span><strong>PROJETO DE DECRETO LEGISLATIVO N\u00ba 010/2023 \u2013</strong>\u00a0</span><span>\u201cConcede t\u00edtulo de Cidad\u00e3o Araguaiense ao Sr. Leandro Barbosa Infante.\u201d\u00a0</span><span><span>(Projeto Aprovado)</span></span></p>\r\n<p style=\"text-align: justify; \"><em><strong>Autoria:\u00a0Marcos Nunes Gomes.</strong></em></p>\r\n<p style=\"text-align: center; \"><strong>INDICA\u00c7\u00d5ES/MO\u00c7\u00d5ES</strong></p>\r\n<p style=\"text-align: justify; \"><em><strong>Vereador\u00a0Marilzan Nunes da Costa</strong></em></p>\r\n<p style=\"text-align: justify; \"><strong>Indica\u00e7\u00e3o n\u00ba 217/2023 \u2013\u00a0</strong>\u201cSolicitando servi\u00e7o de limpeza nas caixas de conten-\u00e7\u00e3o de \u00e1gua na estrada que liga o Gato Preto \u00e0 Col\u00f4nia do Ariranha e tamb\u00e9m que sejam refeitas as lombadas desta estrada.\u201d</p>\r\n<p style=\"text-align: justify; \"><strong>Indica\u00e7\u00e3o n\u00ba 218/2023 \u2013\u00a0</strong>\u201cSolicitando servi\u00e7o de troca de l\u00e2mpadas na Vila da Col\u00f4nia da Ariraranha.\u201d</p>\r\n<p style=\"text-align: justify; \"><em><strong>Vereador\u00a0Marilzan Nunes da Costa</strong></em></p>\r\n<p style=\"text-align: justify; \"><span><strong>Indica\u00e7\u00e3o n\u00ba 217/2023 \u2013</strong>\u00a0</span>\u201cSolicitando servi\u00e7o de limpeza nas caixas de conten-\u00e7\u00e3o de \u00e1gua na estrada que liga o Gato Preto \u00e0 Col\u00f4nia do Ariranha e tamb\u00e9m que sejam refeitas as lombadas desta estrada.\u201d</p>\r\n<p style=\"text-align: justify; \"><span><strong>Indica\u00e7\u00e3o n\u00ba 218/2023 \u2013</strong>\u00a0</span>\u201cSolicitando servi\u00e7o de troca de l\u00e2mpadas na Vila da Col\u00f4nia da Ariraranha.\u201d</p>\r\n<p style=\"text-align: justify; \"><em><strong>Vereador\u00a0Odair Ferruja</strong></em></p>\r\n<p style=\"text-align: justify; \"><strong>Indica\u00e7\u00e3o no 220/2023 \u2013</strong>\u00a0\u201cSolicitando que seja feito tapa buracos nas seguintes vias do bairro Nossa Senhora Aparecida: Rua A1, Rua B1, Rua E, Rua 36 (esquina com Rua 31, abaixo da Igreja Assembleia de Deus).\u201d</p>\r\n<p style=\"text-align: justify; \"><em><strong>Vereador\u00a0Ricardo Barbosa dos Santos</strong></em></p>\r\n<p style=\"text-align: justify; \"><span><strong>Indica\u00e7\u00e3o n\u00ba 221/2023 \u2013</strong>\u00a0</span>\u201cSolicitadando que proceda a \u2018Opera\u00e7\u00e3o Tapa Buracos\u2019 na Rua Quintino Bocai\u00fava, entre as ruas Dr. Jos\u00e9 Morbeck e General Os\u00f3rio e ainda na Rua Dom Aquino Correa, entre a Rua Benjamin Constant e a Rua Guilherme Gon\u00e7alves Berigo.\u201d</p>\r\n<p style=\"text-align: justify; \"><em><strong>Vereador\u00a0Silvio Maia</strong></em></p>\r\n<p style=\"text-align: justify; \"><span><strong>Indica\u00e7\u00e3o n\u00ba 222/2023 \u2013</strong>\u00a0</span>\u201cA solicita\u00e7\u00e3o de que a C\u00e2mara Municipal busque formar parcerias com OAB e as faculdades e universidades localizadas na cidade de Mineiros para que o Poder Legislativo possa disponibilizar um estudante ou bacharel em direito para prestar servi\u00e7os na Procuradoria da Mulher.\u201d</p>\r\n<p style=\"text-align: justify; \"><span><strong>Indica\u00e7\u00e3o n\u00ba 223/2023</strong> \u2013</span>\u00a0\u201cSolicita\u00e7\u00e3o que seja realizado campanha de incentivo a popula\u00e7\u00e3o a realizar compras no com\u00e9rcio local.\u201d</p>\r\n<p style=\"text-align: justify; \"><em><strong>Vereador\u00a0Marcos Nunes</strong></em></p>\r\n<p style=\"text-align: justify; \"><span><strong>Mo\u00e7\u00e3o de Aplauso n\u00ba 017/2023 \u2013</strong>\u00a0</span>\u201cAo Sr. Gilberto Otoni dos Santos Rodrigues.\u201d</p>\r\n<p style=\"text-align: justify; \"><span><strong>Mo\u00e7\u00e3o de Aplauso n\u00ba 018/2023 \u2013</strong>\u00a0</span>\u201cA Sra. H\u00e9bia M\u00e1rcia Elias de Oliveira.\u201d</p>\r\n<p style=\"text-align: justify; \"><span><strong>Mo\u00e7\u00e3o de Aplauso n\u00ba 019/2023 \u2013</strong>\u00a0</span>\u201cA Sra. Maria Rita Ferreira dos Santos.\u201d</p>\r\n<p style=\"text-align: justify; \"><span><strong>Mo\u00e7\u00e3o de Aplauso n\u00ba 020/2023 \u2013</strong>\u00a0</span>\u201cA Sra. Celma In\u00eas de Souza F\u00e1vero.\u201d</p>\r\n<p style=\"text-align: justify; \"><span><strong>Mo\u00e7\u00e3o de Aplauso n\u00ba 021/2023 \u2013</strong>\u00a0</span>\u201cA Sra. Neliana Borges de Souza.\u201d</p>\r\n<p style=\"text-align: justify; \"><span><strong>Mo\u00e7\u00e3o de Aplauso n\u00ba 022/2023 \u2013</strong>\u00a0</span>\u201cA Sra. Alana M\u00e1rcia Ferro de Almeida.\u201d</p>", "author_name": "", "version": "1.0", "author_url": "https://www.altoaraguaia.mt.leg.br/author/adm", "provider_name": "C\u00c2MARA MUNICIPAL DE ALTO ARAGUAIA", "type": "rich"}