{"provider_url": "https://www.altoaraguaia.mt.leg.br", "title": "Resumo da 34\u00ba Sess\u00e3o Ordin\u00e1ria de 2025.", "html": "<p style=\"text-align: center; \"><strong><img src=\"https://www.altoaraguaia.mt.leg.br/imagens/Resumo11.png/@@images/1ace4eb8-1d45-4e1c-8442-57609f47de23.png\" alt=\"\" class=\"image-inline\" title=\"\" /></strong></p>\r\n<p style=\"text-align: center; \"><strong><br /></strong></p>\r\n<h2 style=\"text-align: center; \"><strong>MAT\u00c9RIAS DO PODER EXECUTIVO</strong></h2>\r\n<h2><strong><br /></strong></h2>\r\n<p style=\"text-align: justify; \"><strong>Projeto de Lei n\u00ba043/2025</strong> -\u00a0<span>Disp\u00f5e sobre o processo de escolha dos gestores das institui\u00e7\u00f5es de ensino da rede p\u00fablica municipal de Alto Araguaia.<span class=\"visualHighlight\"><em><strong> Encaminhado em regime de tramita\u00e7\u00e3o normal</strong></em></span></span></p>\r\n<p style=\"text-align: justify; \"><span><strong>Projeto de Lei n\u00ba044/2025</strong> -\u00a0<span>Altera dispositivos da Lei Municipal n\u00ba 2742/2010.<span class=\"visualHighlight\"><em><strong>\u00a0Encaminhado em regime de tramita\u00e7\u00e3o normal</strong></em></span></span></span></p>\r\n<p style=\"text-align: justify; \"><span><span><strong>Projeto de Lei n\u00ba045/2025</strong> -\u00a0<span>Autoriza o Poder Executivo a firmar Termo de Coopera\u00e7\u00e3o com o Sindicato Rural de Alto Araguaia, para o custeio de despesas com a organiza\u00e7\u00e3o das festividades de anivers\u00e1rio deste munic\u00edpio. <span class=\"visualHighlight\"><em><strong>Aprovado em regime de urg\u00eancia especial</strong></em></span></span></span></span></p>\r\n<p style=\"text-align: justify; \"><span><span><span><strong>Projeto de Lei n\u00ba046/2025</strong> -\u00a0<span>Autoriza o Poder Executivo a firmar Termo de Coopera\u00e7\u00e3o com a Associa\u00e7\u00e3o Comercial e Empresarial de Alto Araguaia \u2013 MT \u2013 ACEAIA.\u00a0<span class=\"visualHighlight\"><em><strong>Aprovado em regime de urg\u00eancia especial</strong></em></span></span></span></span></span></p>\r\n<p style=\"text-align: justify; \"><span><span><span><span><br /></span></span></span></span></p>\r\n<h2 style=\"text-align: center; \"><span><span><span><span>MAT\u00c9RIAS DO PODER LEGISLATIVO</span></span></span></span></h2>\r\n<p><span><span><span><span><br /></span></span></span></span></p>\r\n<p style=\"text-align: justify; \"><strong>Projeto de Lei n\u00ba020/2025</strong> -\u00a0<span>Disp\u00f5e sobre a declara\u00e7\u00e3o de utilidade p\u00fablica do Rotary Clube de Santa Rita do Araguaia e Alto Araguaia e da outras provid\u00eancias.\u00a0<span class=\"visualHighlight\"><em><strong>Encaminhado em regime de tramita\u00e7\u00e3o normal</strong></em></span></span></p>\r\n<p style=\"text-align: justify; \"><strong>Autoria vereador Paulinho</strong></p>\r\n<p style=\"text-align: justify; \">\u00a0<strong>Projeto de Lei n\u00ba021/2025</strong><span> -\u00a0</span><span>Altera o nome da Rua Avenida do Futuro, Localizada no Bairro vista Araguaia, para Rua Dr. Fabr\u00edcio Martins Campos Freitas.\u00a0<span class=\"visualHighlight\"><em><strong>Encaminhado em regime de tramita\u00e7\u00e3o normal</strong></em></span></span></p>\r\n<p style=\"text-align: justify; \">\u00a0</p>\r\n<p style=\"text-align: justify; \"><strong>Autoria vereador Bruno Peron</strong></p>\r\n<p style=\"text-align: justify; \"><span><strong>Projeto de Decreto n\u00ba004/2025</strong> -\u00a0</span><span>Concede t\u00edtulo de cidad\u00e3 Araguaiense a professora Tatiana Carvalho Silva.\u00a0\u00a0<span class=\"visualHighlight\"><em><strong>Encaminhado em regime de tramita\u00e7\u00e3o normal</strong></em></span></span></p>\r\n<p style=\"text-align: justify; \"><strong>Autoria vereador Marcos Nunes</strong></p>\r\n<p style=\"text-align: justify; \"><span><span><span><br /></span></span></span></p>\r\n<h2 style=\"text-align: center; \"><span><span><span>INDICA\u00c7\u00d5ES / REQUERIMENTOS</span></span></span></h2>\r\n<p style=\"text-align: justify; \"><span><span><span><br /></span></span></span></p>\r\n<p style=\"text-align: justify; \"><strong>Autoria vereador Fabiano do G\u00e1s\u00a0</strong></p>\r\n<p style=\"text-align: justify; \"><span><span><span><strong>Requerimento n\u00ba046/2025</strong> -\u00a0<span>Solicitar informa\u00e7\u00f5es detalhadas acerca da previs\u00e3o e do cronograma de manuten\u00e7\u00e3o das academias populares instaladas em diversos pontos do munic\u00edpio.<span class=\"visualHighlight\"> <em><strong>Aprovado por unanimidade</strong></em></span></span></span></span></span></p>\r\n<p style=\"text-align: justify; \">\u00a0</p>\r\n<p style=\"text-align: justify; \"><strong>Autoria vereador Clodoaldo</strong></p>\r\n<p style=\"text-align: justify; \"><strong>Indica\u00e7\u00e3o n\u00ba130/2025</strong> -\u00a0<span>Que seja providenciada a reforma ou constru\u00e7\u00e3o de uma nova ponte sobre o c\u00f3rrego do Rio Barreiro, localizada na Col\u00f4nia do Ariranha, MU 10. <span class=\"visualHighlight\"><em><strong>Lida e encaminhada</strong></em></span></span></p>\r\n<p style=\"text-align: justify; \"><span><br /></span></p>\r\n<p style=\"text-align: justify; \"><strong>Autoria vereadora Polleyka Fraga</strong></p>\r\n<p style=\"text-align: justify; \"><strong>Indica\u00e7\u00e3o n\u00ba131/2025</strong> -\u00a0<span>A possibilidade da Constru\u00e7\u00e3o de uma Cobertura na \u00e1rea externa do Centro de Conviv\u00eancia da Melhor Idade \u2013 LUZIA RIBEIRO. Tendo em vista que a Cobertura atual, por ser no modelo Barraca, j\u00e1 est\u00e1 desgastada pelo tempo de uso.</span><span>\u00a0<span class=\"visualHighlight\"><em><strong>Lida e encaminhada</strong></em></span></span></p>\r\n<p style=\"text-align: justify; \"><span><br /></span></p>\r\n<p style=\"text-align: justify; \"><strong>Autoria vereador Ad\u00e3o da Madeireira</strong>\u00a0</p>\r\n<p style=\"text-align: justify; \"><strong>Indica\u00e7\u00e3o n\u00ba132/2025</strong> -\u00a0<span>Sugerindo a necessidade da instala\u00e7\u00e3o de mais um po\u00e7o artesiano na regi\u00e3o do c\u00f3rrego rico. <span class=\"visualHighlight\"><em><strong>Lida e encaminhada</strong></em></span></span></p>\r\n<p style=\"text-align: justify; \"><span><strong>Indica\u00e7\u00e3o n\u00ba133/2025</strong> -\u00a0<span>Sugerindo a necessidade da instala\u00e7\u00e3o de um po\u00e7o artesiano na Comunidade Novo Horizonte, localizada na MT-100, entre os km 28 e 30, regi\u00e3o do C\u00f3rrego do Sapo. <span class=\"visualHighlight\"><em><strong>Lida e encaminhada</strong></em></span></span></span></p>\r\n<p style=\"text-align: justify; \">\u00a0</p>\r\n<p style=\"text-align: justify; \"><strong>Autoria Bruno Peron</strong></p>\r\n<p style=\"text-align: justify; \"><strong>Requerimento n\u00ba048/2025</strong> -\u00a0<span>Solicitando informa\u00e7\u00f5es quanto ao cronograma de execu\u00e7\u00e3o dos servi\u00e7os de substitui\u00e7\u00e3o das l\u00e2mpadas nas pra\u00e7as e quadras p\u00fablicas do munic\u00edpio. <span class=\"visualHighlight\"><em><strong>Aprovado por unanimidade</strong></em></span></span></p>\r\n<p style=\"text-align: justify; \"><span><br /></span></p>\r\n<p style=\"text-align: justify; \"><strong>Autoria vereador Paulinho</strong></p>\r\n<p style=\"text-align: justify; \"><span><strong>Requerimento n\u00ba049/2025</strong> -\u00a0<span>Solicitando a aquisi\u00e7\u00e3o de um \u00f4nibus confort\u00e1vel, com banheiro e assentos adequados, voltado ao transporte de pacientes que realizam exames e atendimentos m\u00e9dicos na cidade de Rondon\u00f3polis/MT.<span class=\"visualHighlight\"><em><strong> Aprovado por unanimidade</strong></em></span></span></span></p>\r\n<p style=\"text-align: justify; \"><span><span><br /></span></span></p>\r\n<p style=\"text-align: justify; \"><strong>Autoria vereador Marcos Nunes</strong></p>\r\n<p style=\"text-align: justify; \"><span><span><strong>Requerimento n\u00ba047/2025</strong> -\u00a0<span>Solicitando informa\u00e7\u00f5es acerca da obra da Escola Municipal Adalcy da Concei\u00e7\u00e3o Rodrigues, bem como sobre seu mobili\u00e1rio.<span class=\"visualHighlight\"><em><strong> Aprovado por unanimidade</strong></em></span></span></span></span></p>\r\n<p style=\"text-align: justify; \"><span><span><span><span class=\"visualHighlight\"><em><strong><br /></strong></em></span></span></span></span></p>\r\n<p style=\"text-align: justify; \"><span><span><br /></span></span></p>\r\n<p><span><br /></span></p>\r\n<p>\u00a0</p>\r\n<p>\u00a0</p>\r\n<p><span><br /></span></p>", "author_name": "", "version": "1.0", "author_url": "https://www.altoaraguaia.mt.leg.br/author/adm", "provider_name": "C\u00c2MARA MUNICIPAL DE ALTO ARAGUAIA", "type": "rich"}