{"provider_url": "https://www.altoaraguaia.mt.leg.br", "title": "Resumo da 36\u00aa Sess\u00e3o Ordin\u00e1ria de 2025.", "html": "<h2 style=\"text-align: center; \"><img src=\"https://www.altoaraguaia.mt.leg.br/imagens/copy_of_Resumo13.png/@@images/ef7d1037-d2c6-46bd-a50e-d0bd73f4fc20.png\" alt=\"\" class=\"image-inline\" title=\"\" /></h2>\r\n<h2 style=\"text-align: center; \"></h2>\r\n<p>\u00a0</p>\r\n<h2 style=\"text-align: center; \">MAT\u00c9RIAS DO PODER EXECUTIVO</h2>\r\n<p>\u00a0</p>\r\n<h3 style=\"text-align: justify; \">PROJETO NOVO</h3>\r\n<p><span style=\"text-align: justify; \"><br /></span></p>\r\n<p><span style=\"text-align: justify; \"><strong>Projeto de Lei n\u00ba048/2025</strong> -\u00a0</span><span style=\"text-align: justify; \">Revoga a Lei Municipal n\u00ba 4.071, de 03 de outubro de 2018. <span class=\"visualHighlight\"><em><strong>Aprovado em regime de urg\u00eancia especial</strong></em></span></span></p>\r\n<h3>\u00a0</h3>\r\n<h3>PROJETOS DEVOLVIDOS DAS COMISS\u00d5ES</h3>\r\n<p>\u00a0</p>\r\n<p style=\"text-align: justify; \"><strong>Projeto de Lei n\u00ba043/2025</strong> -\u00a0<span>Disp\u00f5e sobre o processo de escolha dos gestores das institui\u00e7\u00f5es de ensino da rede p\u00fablica municipal de Alto Araguaia. <span class=\"visualHighlight\"><em><strong>Aprovado</strong></em></span></span></p>\r\n<p style=\"text-align: justify; \"><span><strong>Projeto de Lei n\u00ba044/2025</strong> -\u00a0<span>Altera dispositivos da Lei Municipal n\u00ba 2742/2010. <span class=\"visualHighlight\"><em><strong>Aprovado</strong></em></span></span></span></p>\r\n<p style=\"text-align: justify; \"><span><span><br /></span></span></p>\r\n<h2 style=\"text-align: center; \"><span><span>MAT\u00c9RIAS DO PODER LEGISLATIVO</span></span></h2>\r\n<p style=\"text-align: justify; \"><span><span><br /></span></span></p>\r\n<h3 style=\"text-align: justify; \">PROJETO DEVOLVIDO DAS COMISS\u00d5ES</h3>\r\n<p>\u00a0</p>\r\n<p style=\"text-align: justify; \"><strong>Projeto de Lei n\u00ba021/2025</strong> -\u00a0<span>Altera o nome da Rua Avenida do Futuro, Localizada no Bairro vista Araguaia, para Rua Dr. Fabr\u00edcio Martins Campos Freitas. <span class=\"visualHighlight\"><em><strong>Aprovado</strong></em></span></span></p>\r\n<p style=\"text-align: justify; \"><strong>Autoria vereador Bruno Peron</strong></p>\r\n<p style=\"text-align: justify; \">\u00a0</p>\r\n<h3 style=\"text-align: justify; \">PROJETOS NOVOS</h3>\r\n<p>\u00a0</p>\r\n<p style=\"text-align: justify; \"><strong>Projeto de Lei n\u00ba023/2025</strong> -\u00a0<span>Declara as Cavalgadas, o Tropeirismo e demais tradi\u00e7\u00f5es culturais ligadas ao meio rural, como patrim\u00f4nio hist\u00f3rico e cultural de natureza imaterial da cidade de Alto Araguaia-MT, para fins do sisposto no Art.225, \u00a77\u00ba, Art.215, \u00a71\u00ba e Art.30, \u00a79\u00ba da Constitui\u00e7\u00e3o Federal. <span class=\"visualHighlight\"><em><strong>Encaminhado em regime de tramita\u00e7\u00e3o normal</strong></em></span></span></p>\r\n<p style=\"text-align: justify; \"><strong>Autores vereadores Martha Maia e R\u00e9gis Oliveira</strong></p>\r\n<p style=\"text-align: justify; \"><span><br /></span></p>\r\n<p style=\"text-align: justify; \"><span><strong>Projeto de Decreto n\u00ba04/2025</strong> -\u00a0<span>Concede t\u00edtulo de cidad\u00e3 Araguaiense a professora Tatiana Carvalho Silva. <span class=\"visualHighlight\"><em><strong>Aprovado</strong></em></span></span></span></p>\r\n<p style=\"text-align: justify; \"><strong>Autoria vereador Marcos Nunes</strong></p>\r\n<p style=\"text-align: justify; \"><span><span><br /></span></span></p>\r\n<p style=\"text-align: justify; \"><span><span><strong>Projeto de Decreto n\u00ba07/2025</strong> -\u00a0<span>\u201cConcede t\u00edtulo de Cidad\u00e3o Araguaiense ao senhor Eumides Ferreira\u201d. <span class=\"visualHighlight\"><em><strong>Aprovado</strong></em></span></span></span></span></p>\r\n<p style=\"text-align: justify; \"><strong>Autoria Ad\u00e3o da Madeireira</strong></p>\r\n<p style=\"text-align: justify; \"><span><span><span><br /></span></span></span></p>\r\n<h2 style=\"text-align: center; \"><span><span><span>INDICA\u00c7\u00d5ES / REQUERIMENTOS / MO\u00c7\u00d5ES</span></span></span></h2>\r\n<p style=\"text-align: justify; \"><span><span><span><br /></span></span></span></p>\r\n<p style=\"text-align: justify; \"><strong>Autoria vereadora Polleyka Fraga</strong></p>\r\n<p style=\"text-align: justify; \"><span><span><span><strong>Indica\u00e7\u00e3o n\u00ba139/2025 -</strong>\u00a0<span>\u201cSolicito a possibilidade de viabilizar a constru\u00e7\u00e3o de Cestas Met\u00e1licas ou Gaiolas Met\u00e1licas, para serem colocadas dentro das conhecidas Bocas de Lobo dos Bueiros da Avenida Carlos Hugueney da BR364 e demais bairros que se fizerem necess\u00e1rio, evitando assim os alagamentos nos per\u00edodos chuvosos\u201d. <span class=\"visualHighlight\"><em><strong>Lida e encaminhada</strong></em></span></span></span></span></span></p>\r\n<p style=\"text-align: justify; \"><span><span><span><span><strong>Indica\u00e7\u00e3o n\u00ba140/2025</strong> -\u00a0<span>\u201cSolicito a possibilidade de viabilizar a cria\u00e7\u00e3o de um Programa de REFIS Social, visando a anistia de juros e multa e parcelamento das contas de \u00e1gua para as fam\u00edlias em vulnerabilidade social, que se encontrem atrasadas\u201d. <span class=\"visualHighlight\"><em><strong>Lida e encaminhada</strong></em></span></span></span></span></span></span></p>\r\n<p style=\"text-align: justify; \"><span><span><span><span><span><br /></span></span></span></span></span></p>\r\n<p style=\"text-align: justify; \"><strong>Autoria vereadora Martha Maia</strong></p>\r\n<p style=\"text-align: justify; \"><span><span><span><span><span><strong>Indica\u00e7\u00e3o n\u00ba141/2025</strong> -\u00a0<span>Indica para que seja urgentemente providenciada a aquisi\u00e7\u00e3o e instala\u00e7\u00e3o de c\u00e2maras frias espec\u00edficas para o armazenamento e refrigeramento adequado de vacinas nas Unidades B\u00e1sicas de Sa\u00fade (UBS) ESF Ondino Rodrigues de Lima e UBS ESF Vanessa Welter Rodrigues. Adicionalmente, requer-se a aquisi\u00e7\u00e3o e instala\u00e7\u00e3o de um aparelho de ar condicionado para a sala de curativos e medica\u00e7\u00e3o da UBS ESF Ondino Rodrigues de Lima. <span class=\"visualHighlight\"><em><strong>Lida e encaminhada</strong></em></span></span></span></span></span></span></span></p>\r\n<p style=\"text-align: justify; \"><span><span><span><span><span><span><br /></span></span></span></span></span></span></p>\r\n<p style=\"text-align: justify; \"><strong>Autoria dos vereadores Fabiano do G\u00e1s, Ad\u00e3o da Madeireira, Bruno Peron, Marcos Nunes, Martha Maia, Paulinho, Polleyka Fraga, Regis Oliveira e Renato Lopes</strong></p>\r\n<p style=\"text-align: justify; \"><strong>Requerimento n\u00ba051/2025</strong> - Requerem-se informa\u00e7\u00f5es detalhadas\u00a0acerca da inexecu\u00e7\u00e3o das seguintes leis municipais: Lei n\u00ba4.302/2021, Lei n\u00ba4.254/2021 e Lei n\u00ba4.432/2022, pois at\u00e9 a presente data encontra-se sem execu\u00e7\u00e3o e fiscaliza\u00e7\u00e3o.<span class=\"visualHighlight\"><em><strong> Aprovado</strong></em></span></p>\r\n<p>\u00a0</p>\r\n<p style=\"text-align: justify; \"><strong>Autoria vereadores Marcos Nunes e Polleyka Fraga</strong></p>\r\n<p style=\"text-align: justify; \"><strong>Requerimento n\u00ba052/2025</strong> -\u00a0<span>Requerem-se informa\u00e7\u00f5es detalhadas acerca da Emenda Parlamentar Federal no valor de R$ 3.000.000,00 (tr\u00eas milh\u00f5es de reais), destinada \u00e0 \u00e1rea da sa\u00fade p\u00fablica municipal, permanecendo, contudo, retida nas contas p\u00fablicas desde o exerc\u00edcio de 2024. <span class=\"visualHighlight\"><em><strong>Aprovado</strong></em></span></span></p>\r\n<p style=\"text-align: justify; \"><span><br /></span></p>\r\n<p style=\"text-align: justify; \"><strong>Autoria vereador Marcos Nunes</strong></p>\r\n<p style=\"text-align: justify; \"><span><strong>Mo\u00e7\u00e3o de Aplausos n\u00ba19/2025</strong> - Mo\u00e7\u00e3o de Congratula\u00e7\u00f5es e Aplausos a Sra. Rejane de Souza Machado, pelos seus servi\u00e7os prestados na sa\u00fade do munic\u00edpio de Alto Araguaia-MT.<span class=\"visualHighlight\"><em><strong> Aprovada</strong></em></span></span></p>\r\n<p style=\"text-align: justify; \"><span><span><strong>Mo\u00e7\u00e3o de Aplausos n\u00ba20/2025</strong> -\u00a0<span>Mo\u00e7\u00e3o de Congratula\u00e7\u00f5es e Aplausos a professora V\u00e1gna Silva de Matos, pelos seus servi\u00e7os prestados na educa\u00e7\u00e3o do munic\u00edpio de Alto Araguaia-MT. <span class=\"visualHighlight\"><em><strong>Aprovada</strong></em></span></span></span></span></p>\r\n<p style=\"text-align: justify; \">\u00a0</p>", "author_name": "", "version": "1.0", "author_url": "https://www.altoaraguaia.mt.leg.br/author/adm", "provider_name": "C\u00c2MARA MUNICIPAL DE ALTO ARAGUAIA", "type": "rich"}