{"provider_url": "https://www.altoaraguaia.mt.leg.br", "title": "Resumo da 37\u00aa Sess\u00e3o Ordin\u00e1ria de 2025.", "html": "<h2 style=\"text-align: center; \"><img src=\"https://www.altoaraguaia.mt.leg.br/imagens/Resumo15.png/@@images/030ae338-6769-48eb-a780-74adb246cfcb.png\" alt=\"\" class=\"image-inline\" title=\"\" /></h2>\r\n<h2 style=\"text-align: center; \"></h2>\r\n<h2 style=\"text-align: center; \">MAT\u00c9RIAS DO PODER EXECUTIVO</h2>\r\n<p style=\"text-align: justify; \">\u00a0</p>\r\n<h3 style=\"text-align: justify; \">PROJETO NOVO</h3>\r\n<p>\u00a0</p>\r\n<p style=\"text-align: justify; \"><strong>Projeto de Lei n\u00ba049/2025</strong> -\u00a0<span>Regulamenta a comercializa\u00e7\u00e3o e regulariza\u00e7\u00e3o de posse \u00e1reas do Distrito Industrial, objeto da Matr\u00edcula n\u00ba 4.573, do Cart\u00f3rio de Registro de Im\u00f3veis da Comarca de Alto Araguaia. <span class=\"visualHighlight\"><em><strong>Encaminhado em regime de tramita\u00e7\u00e3o normal</strong></em></span></span></p>\r\n<p style=\"text-align: justify; \"><span><span class=\"visualHighlight\"><em><strong><br /></strong></em></span></span></p>\r\n<h2 class=\" \" style=\"text-align: center; \"><strong></strong>MAT\u00c9RIAS DO PODER LEGISLATIVO</h2>\r\n<p class=\" \" style=\"text-align: justify; \">\u00a0</p>\r\n<h3 class=\" \" style=\"text-align: justify; \">PROJETOS NOVOS</h3>\r\n<p>\u00a0</p>\r\n<p class=\" \" style=\"text-align: justify; \"><strong>Projeto de Lei n\u00ba024/2025</strong><span> -\u00a0</span><span>Disp\u00f5e sobre a proibi\u00e7\u00e3o do abandono de ve\u00edculos em vias p\u00fablicas no Munic\u00edpio de Alto Araguaia - MT, e d\u00e1 outras provid\u00eancias.\u00a0<span class=\"visualHighlight\"><em><strong>Encaminhado em regime de tramita\u00e7\u00e3o normal</strong></em></span></span></p>\r\n<p class=\" \" style=\"text-align: justify; \"><strong>Autoria vereador Regis Oliveira</strong></p>\r\n<p class=\" \" style=\"text-align: justify; \"><strong>Projeto de Decreto n\u00ba08/2025</strong><span> -\u00a0</span><span>Concede t\u00edtulo de Cidad\u00e3o Araguaiense ao Sr. Jo\u00e3o Tatsuro Katsuyama. <span class=\"visualHighlight\"><em><strong>Encaminhada em regime de tramita\u00e7\u00e3o normal</strong></em></span></span></p>\r\n<p class=\" \" style=\"text-align: justify; \"><strong><span>Autoria vereador Ad\u00e3o da Madeireira</span></strong></p>\r\n<p class=\" \" style=\"text-align: justify; \"><strong><span><br /></span></strong></p>\r\n<h3 style=\"text-align: left; \"><strong><span>PROJETO DEVOLVIDO DAS COMISS\u00d5ES</span></strong></h3>\r\n<p><strong><span><br /></span></strong></p>\r\n<p class=\" \" style=\"text-align: justify; \"><strong><span>Projeto de Decreto n\u00ba05/2025 -\u00a0</span></strong>Concede medalha do m\u00e9rito Cl\u00e1udia Azevedo a Sra. Maria Noeli Adams. <span class=\"visualHighlight\"><em><strong>Aprovado por unanimidade</strong></em></span></p>\r\n<p class=\" \" style=\"text-align: justify; \"><span class=\"visualHighlight\"><em><strong></strong></em></span><strong>Autoria vereador Fabiano do G\u00e1s\u00a0</strong></p>\r\n<p class=\" \" style=\"text-align: justify; \"><strong><br /></strong></p>\r\n<h2 style=\"text-align: center; \"><strong>INDICA\u00c7\u00d5ES / REQUERIMENTO / MO\u00c7\u00d5ES</strong></h2>\r\n<p class=\" \" style=\"text-align: justify; \"><strong><br /></strong></p>\r\n<p class=\" \" style=\"text-align: justify; \"><b>Autoria vereadora Polleyka Fraga</b></p>\r\n<p class=\" \" style=\"text-align: justify; \"><b>Indica\u00e7\u00e3o n\u00ba143/2025 -\u00a0</b>Solicito a possibilidade das Secretarias viabilizarem Campanhas destinadas a conscientiza\u00e7\u00e3o da popula\u00e7\u00e3o contra o Abandono de Animais em nossa cidade, bem como outras Campanhas, como Ado\u00e7\u00e3o Conscientizada. Pois, o abandono \u00e9 a principal causa do grande n\u00famero de animais nas ruas de Alto Araguaia. O foco \u00e9 conscientizar a popula\u00e7\u00e3o sobre a posse e as obriga\u00e7\u00f5es do respons\u00e1vel, e que abandono de animais e maus tratos gera crime previsto em Lei. <span class=\"visualHighlight\"><em><strong>Lida e encaminhada</strong></em></span></p>\r\n<p class=\" \" style=\"text-align: justify; \"><strong>Indica\u00e7\u00e3o n\u00ba144/2025</strong> -\u00a0<span>Solicito a possibilidade de viabilizar um novo Port\u00e3o no Parquinho Infantil da Cohab, uma vez que o mesmo sempre teve um port\u00e3o para evitar que animais defecassem na caixa de areia do parque. <span class=\"visualHighlight\"><em><strong>Lida e encaminhada</strong></em></span></span></p>\r\n<p class=\" \" style=\"text-align: justify; \"><strong>Mo\u00e7\u00e3o de Aplausos n\u00ba21/2025</strong> -\u00a0<span>Mo\u00e7\u00e3o de Aplausos e Congratula\u00e7\u00f5es a Senhora Manoela Nunes de Souza\u201d. Em reconhecimento a sua trajet\u00f3ria de valor, diante da entrada em seu processo de aposentadoria junto a PREVIMAR \u2013 Fundo Municipal de Previd\u00eancia dos Servidores de Alto Araguaia. <span class=\"visualHighlight\"><em><strong>Aprovada por unanimidade</strong></em></span></span></p>\r\n<p class=\" \" style=\"text-align: justify; \"><strong><span><br /></span></strong></p>\r\n<p class=\" \" style=\"text-align: justify; \"><strong><span>Autoria vereadora Martha Maia</span></strong></p>\r\n<p class=\" \" style=\"text-align: justify; \"><strong><span>Requerimento n\u00ba053/2025 -\u00a0</span></strong>Requer informa\u00e7\u00f5es e esclarecimentos acerca da formaliza\u00e7\u00e3o e da publicidade da ata de ades\u00e3o mencionada no Of\u00edcio n\u00ba 306/2025/SMS, em face de sua aus\u00eancia no Portal da Transpar\u00eancia do Munic\u00edpio, para fins de controle social e legislativo. <span class=\"visualHighlight\"><em><strong>Aprovado por unanimidade</strong></em></span></p>\r\n<p style=\"text-align: justify; \">\u00a0</p>\r\n<p style=\"text-align: justify; \"><strong>Autoria vereador Marcos Nunes</strong></p>\r\n<p style=\"text-align: justify; \"><strong>Indica\u00e7\u00e3o n\u00ba142/2025 -\u00a0</strong>Que seja feita a revitaliza\u00e7\u00e3o, manuten\u00e7\u00e3o e limpeza peri\u00f3dica da Orla do Praia, localizada nas margens do Rio Araguaia. <span class=\"visualHighlight\"><em><strong>Lida e encaminhada</strong></em></span></p>", "author_name": "", "version": "1.0", "author_url": "https://www.altoaraguaia.mt.leg.br/author/adm", "provider_name": "C\u00c2MARA MUNICIPAL DE ALTO ARAGUAIA", "type": "rich"}