{"provider_url": "https://www.altoaraguaia.mt.leg.br", "title": "Resumo da 39\u00aa Sess\u00e3o Ordin\u00e1ria de 2025.", "html": "<h2 style=\"text-align: center; \"><img src=\"https://www.altoaraguaia.mt.leg.br/imagens/Resumo21.png/@@images/078e90d8-9f4d-4c7f-8b32-25e6d2264b06.png\" alt=\"\" class=\"image-inline\" title=\"\" />\u00a0</h2>\r\n<h2 style=\"text-align: center; \"></h2>\r\n<h2 style=\"text-align: center; \">MAT\u00c9RIAS DO PODER EXECUTIVO</h2>\r\n<p>\u00a0</p>\r\n<h3 style=\"text-align: justify; \">PROJETO NOVO</h3>\r\n<p>\u00a0</p>\r\n<p style=\"text-align: justify; \"><strong>Projeto de Lei n\u00ba052/2025</strong> -\u00a0<span>Altera e revoga dispositivos \u00e0 Lei Municipal n\u00ba 4.667, de 21 de outubro de 2025. <span class=\"visualHighlight\"><em><strong>Aprovado em regime de urg\u00eancia especial</strong></em></span></span></p>\r\n<p style=\"text-align: justify; \"><span><br /></span></p>\r\n<h3><span>PROJETO DEVOLVIDO DAS COMISS\u00d5ES</span></h3>\r\n<p><span><br /></span></p>\r\n<p style=\"text-align: justify; \"><span><strong>Projeto de Lei n\u00ba049/2025</strong> -\u00a0</span><span>Regulamenta a comercializa\u00e7\u00e3o e regulariza\u00e7\u00e3o de posse \u00e1reas do Distrito Industrial, objeto da Matr\u00edcula n\u00ba 4.573, do Cart\u00f3rio de Registro de Im\u00f3veis da Comarca de Alto Araguaia. <span class=\"visualHighlight\"><em><strong>Aprovado\u00a0</strong></em></span></span></p>\r\n<p style=\"text-align: center; \">\u00a0</p>\r\n<h2 style=\"text-align: center; \"><span>MAT\u00c9RIAS DO PODER LEGISLATIVO</span></h2>\r\n<h2><span><br /></span></h2>\r\n<p style=\"text-align: justify; \"><strong>Autoria vereador Clodoaldo</strong></p>\r\n<p style=\"text-align: justify; \"><strong>Projeto de Decreto n\u00ba009/2025</strong> -\u00a0<span>Concede T\u00edtulo de Cidad\u00e3o Araguaiense ao Sr. Osmar Alves de Queiroz.<span class=\"visualHighlight\"><em><strong> Aprovado em regime de urg\u00eancia especial</strong></em></span></span></p>\r\n<p style=\"text-align: justify; \"><strong>Projeto de Decreto n\u00ba011/2025</strong> - Concede T\u00edtulo de Cidad\u00e3o Araguaiense ao Sr. Rodrigo Vaz Itacarambi. <span class=\"visualHighlight\"><em><strong>Aprovado em regime de urg\u00eancia especial</strong></em></span></p>\r\n<p style=\"text-align: justify; \"><span><br /></span></p>\r\n<p style=\"text-align: justify; \"><strong>Autoria vereador Paulinho</strong></p>\r\n<p style=\"text-align: justify; \"><span><strong>Projeto de Decreto n\u00ba010/2025</strong> -\u00a0<span>Concede T\u00edtulo de Cidad\u00e3o Araguaiense Sr. Thiago Jose de Lirio Leite.\u00a0</span></span><span class=\"visualHighlight\"><em><strong>Aprovado em regime de urg\u00eancia especial</strong></em></span></p>\r\n<p style=\"text-align: justify; \">\u00a0</p>\r\n<p style=\"text-align: justify; \"><strong>Autoria vereador Ad\u00e3o da Madeireira</strong></p>\r\n<p style=\"text-align: justify; \"><strong>Projeto de Decreto n\u00ba08/2025</strong> -\u00a0<span>Concede t\u00edtulo de Cidad\u00e3o Araguaiense ao senhor Jo\u00e3o Tatsuro katsuyama. <span class=\"visualHighlight\"><em><strong>Aprovado\u00a0</strong></em></span></span><span class=\"visualHighlight\"><em><strong>em regime de urg\u00eancia especial</strong></em></span></p>\r\n<p style=\"text-align: justify; \"><span><br /></span></p>\r\n<h2 style=\"text-align: center; \">INDICA\u00c7\u00d5ES / MO\u00c7\u00d5ES / REQUERIMENTOS</h2>\r\n<p style=\"text-align: justify; \"><span><br /></span></p>\r\n<p style=\"text-align: justify; \"><strong>Autoria vereador Ricardo Barbosa</strong></p>\r\n<p style=\"text-align: justify; \"><strong>Mo\u00e7\u00e3o de Aplauso n\u00ba22/2025</strong> -\u00a0<span>\u201cMo\u00e7\u00e3o de Congratula\u00e7\u00f5es e Aplausos ao Sr. Eleomar Alexandre de Souza.\u201d <span class=\"visualHighlight\"><em><strong>Aprovado</strong></em></span></span></p>\r\n<p style=\"text-align: justify; \"><span><strong>Mo\u00e7\u00e3o de Aplauso n\u00ba23/2025</strong> - <span>\u201cMo\u00e7\u00e3o de Congratula\u00e7\u00f5es e Aplausos \u00e0 Sra. Patr\u00edcia Verediana Rezende Paniago\u201d. <span class=\"visualHighlight\"><em><strong>Aprovado</strong></em></span></span></span></p>\r\n<p style=\"text-align: justify; \"><span><span><strong>Mo\u00e7\u00e3o de Aplauso n\u00ba33/2025</strong> -\u00a0<span>\u201cMo\u00e7\u00e3o de Congratula\u00e7\u00f5es e Aplausos \u00e0 Sra. Ana Paula Oliveira.\u201d <span class=\"visualHighlight\"><em><strong>Aprovado</strong></em></span></span></span></span></p>\r\n<p style=\"text-align: justify; \"><strong>Indica\u00e7\u00e3o n\u00ba145/2025</strong> -\u00a0<span>Indicando a necessidade da manuten\u00e7\u00e3o da ilumina\u00e7\u00e3o p\u00fablica do parque da Pra\u00e7a Ant\u00f4nio Silv\u00e9rio da Costa (pra\u00e7a do boiadeiro). <span class=\"visualHighlight\"><em><strong>Lida e encaminhada</strong></em></span></span></p>\r\n<p style=\"text-align: justify; \"><span><br /></span></p>\r\n<p style=\"text-align: justify; \"><strong>Autoria vereador Paulinho</strong></p>\r\n<p style=\"text-align: justify; \"><span><strong>Mo\u00e7\u00e3o de Aplauso n\u00ba24/2025</strong> -\u00a0<span>Mo\u00e7\u00e3o de Congratula\u00e7\u00f5es e Aplausos \u00e0 Sra. Nelci Andrea dos Santos Andreotti, em reconhecimento \u00e0 sua exemplar trajet\u00f3ria profissional como advogada, ao seu compromisso com a justi\u00e7a social e \u00e0 sua dedica\u00e7\u00e3o em prol das causas humanit\u00e1rias e comunit\u00e1rias no munic\u00edpio de Alto Araguaia. <span class=\"visualHighlight\"><em><strong>Aprovado</strong></em></span></span></span></p>\r\n<p style=\"text-align: justify; \"><span><strong>Mo\u00e7\u00e3o de Aplauso n\u00ba25/2025</strong> -\u00a0<span>Mo\u00e7\u00e3o de Congratula\u00e7\u00f5es e Aplausos \u00e0 Sra. Raquel Borges Alves, em reconhecimento \u00e0 sua trajet\u00f3ria de mais de 34 anos dedicados \u00e0 evangeliza\u00e7\u00e3o infantil, \u00e0 solidariedade e \u00e0s a\u00e7\u00f5es sociais em prol das comunidades de Alto Araguaia e Santa Rita do Araguaia, pautada pela f\u00e9, amor ao pr\u00f3ximo e compromisso com o bem comum.\u00a0<span class=\"visualHighlight\"><em><strong>Aprovado</strong></em></span></span></span></p>\r\n<p style=\"text-align: justify; \"><span><strong>Mo\u00e7\u00e3o de Aplauso n\u00ba26/2025</strong> -\u00a0<span>Mo\u00e7\u00e3o de Congratula\u00e7\u00f5es e Aplausos ao Sr. F\u00e1bio J\u00fanior Pereira Silva, em reconhecimento \u00e0 sua relevante contribui\u00e7\u00e3o para o desenvolvimento do munic\u00edpio de Alto Araguaia, por meio de seu engajamento comunit\u00e1rio, conquistas de recursos p\u00fablicos, exemplo de supera\u00e7\u00e3o pessoal e dedica\u00e7\u00e3o ao bem comum.\u00a0<span class=\"visualHighlight\"><em><strong>Aprovado</strong></em></span></span></span></p>\r\n<p style=\"text-align: justify; \"><strong>Indica\u00e7\u00e3o n\u00ba147/2025</strong> -\u00a0<span>Indica\u00e7\u00e3o ao Poder Executivo Municipal para que seja disponibilizado um \u00f4nibus confort\u00e1vel destinado ao transporte da melhor idade, garantindo seguran\u00e7a, acessibilidade e qualidade nos deslocamentos para eventos e atividades sociais, culturais e recreativas. <span class=\"visualHighlight\"><em><strong>Lida e encaminhada</strong></em></span></span></p>\r\n<p style=\"text-align: justify; \"><span><br /></span></p>\r\n<p style=\"text-align: justify; \"><strong>Autoria vereador Bruno Peron</strong></p>\r\n<p style=\"text-align: justify; \"><span><strong>Mo\u00e7\u00e3o de Aplauso n\u00ba27/2025</strong> -\u00a0<span>Mo\u00e7\u00e3o de Aplausos e Congratula\u00e7\u00f5es ao Sra. Dila Fernandes.\u00a0 <span class=\"visualHighlight\"><em><strong>Aprovado</strong></em></span></span></span></p>\r\n<p style=\"text-align: justify; \"><span><span><strong>Mo\u00e7\u00e3o de Aplauso n\u00ba28/2025</strong> -\u00a0<span>Mo\u00e7\u00e3o de Aplausos e Congratula\u00e7\u00f5es ao Sr. Adriano Barbosa Cardoso.\u00a0<span class=\"visualHighlight\"><em><strong>Aprovado</strong></em></span></span></span></span></p>\r\n<p style=\"text-align: justify; \"><span><span><strong>Mo\u00e7\u00e3o de Aplauso n\u00ba29/2025</strong> - M<span>o\u00e7\u00e3o de Aplausos e Congratula\u00e7\u00f5es ao Sr. Carlos Henrique Rezende Carvalho.\u00a0<span class=\"visualHighlight\"><em><strong>Aprovado</strong></em></span></span></span></span></p>\r\n<p style=\"text-align: justify; \"><span><span><span><strong>Mo\u00e7\u00e3o de Aplauso n\u00ba30/2025</strong> -\u00a0<span>Mo\u00e7\u00e3o de Aplausos e Congratula\u00e7\u00f5es ao Sr. Idelfonso Alves de Oliveira.\u00a0<span class=\"visualHighlight\"><em><strong>Aprovado</strong></em></span></span></span></span></span></p>\r\n<p style=\"text-align: justify; \"><span><span><span><strong>Mo\u00e7\u00e3o de Aplauso n\u00ba31/2025</strong> -\u00a0<span>Mo\u00e7\u00e3o de Aplausos e Congratula\u00e7\u00f5es ao Sr. Jos\u00e9 Carlos Barbosa Junior (Junior Barbosa).\u00a0<span class=\"visualHighlight\"><em><strong>Aprovado</strong></em></span></span></span></span></span></p>\r\n<p style=\"text-align: justify; \"><span><span><span><br /></span></span></span></p>\r\n<p style=\"text-align: justify; \"><strong>Autoria vereadora Martha Maia</strong></p>\r\n<p style=\"text-align: justify; \"><span><span><span><strong>Requerimento n\u00ba54/2025</strong> -\u00a0<span>Requer informa\u00e7\u00f5es detalhadas sobre a execu\u00e7\u00e3o da Campanha Outubro Rosa no munic\u00edpio de Alto Araguaia.\u00a0<span class=\"visualHighlight\"><em><strong>Aprovado por unanimidade</strong></em></span></span></span></span></span></p>\r\n<p style=\"text-align: justify; \"><span><span><span><span><span><em><strong>Requerimento n\u00ba55/2025</strong></em> -\u00a0<span>Requerimento com INTIMA\u00c7\u00c3O FORMAL E SOLENE ADVERT\u00caNCIA, a fim de que seja providenciada, SEM MAIS DELONGAS E IMPRETERIVELMENTE, a resposta aos Requerimentos protocolados por esta vereadora, todos com o prazo legal para resposta IRREMEDIAVELMENTE EXAURIDO.<strong>\u00a0<span class=\"visualHighlight\"><em>Aprovado por unanimidade</em></span></strong></span></span></span></span></span></span></p>\r\n<p style=\"text-align: justify; \"><span><span><span><span><span><span><br /></span></span></span></span></span></span></p>\r\n<p style=\"text-align: justify; \"><strong>Autoria Ad\u00e3o da Madeireira</strong></p>\r\n<p style=\"text-align: justify; \"><span><span><span><span><span><span><strong>Indica\u00e7\u00e3o n\u00ba148/2025</strong> -\u00a0<span>Sugerindo a ado\u00e7\u00e3o de medidas para o funcionamento da Esta\u00e7\u00e3o de Tratamento de \u00c1gua (ETA) e o devido tratamento da \u00e1gua distribu\u00edda \u00e0 popula\u00e7\u00e3o. <span class=\"visualHighlight\"><em><strong>Lida e encaminhada</strong></em></span></span></span></span></span></span></span></span></p>\r\n<p style=\"text-align: justify; \"><span><span><span><span><span><span><span><br /></span></span></span></span></span></span></span></p>\r\n<p style=\"text-align: justify; \"><strong>Autoria vereador Renato Lopes</strong></p>\r\n<p style=\"text-align: justify; \"><span><span><span><span><span><span><span><strong>Mo\u00e7\u00e3o de Aplauso n\u00ba34/2025</strong> -\u00a0<span>Mo\u00e7\u00e3o de Congratula\u00e7\u00f5es e Aplausos ao Sr. Jos\u00e9 de Oliveira Lopes. <span class=\"visualHighlight\"><em><strong>Aprovado</strong></em></span></span></span></span></span></span></span></span></span></p>\r\n<p style=\"text-align: justify; \"><span><span><span><span><span><span><span><span><br /></span></span></span></span></span></span></span></span></p>\r\n<p style=\"text-align: justify; \"><strong>Autoria vereador Marcos Nunes\u00a0</strong></p>\r\n<p style=\"text-align: justify; \"><span><span><span><span><span><span><span><span><strong>Requerimento n\u00ba56/2025</strong> -\u00a0<span>Com fundamento nos princ\u00edpios da efici\u00eancia e da economicidade, para que sejam adotadas as provid\u00eancias necess\u00e1rias \u00e0 amplia\u00e7\u00e3o e moderniza\u00e7\u00e3o da rede el\u00e9trica do Hospital Municipal de Alto Araguaia, de modo a assegurar: \u2022 O pleno funcionamento do setor de Raio-X; \u2022 O adequado desempenho dos equipamentos do Laborat\u00f3rio; \u2022 A adequa\u00e7\u00e3o da infraestrutura para a instala\u00e7\u00e3o de novos equipamentos, especialmente o mam\u00f3grafo. A moderniza\u00e7\u00e3o proposta visa garantir o funcionamento seguro e cont\u00ednuo dos aparelhos, prevenindo danos decorrentes de oscila\u00e7\u00f5es el\u00e9tricas, reduzindo gastos com manuten\u00e7\u00e3o, aumentando a vida \u00fatil dos equipamentos e assegurando a regular presta\u00e7\u00e3o dos servi\u00e7os p\u00fablicos de sa\u00fade \u00e0 popula\u00e7\u00e3o araguaiense. <span class=\"visualHighlight\"><em><strong>Aprovado por unanimidade</strong></em></span></span></span></span></span></span></span></span></span></span></p>\r\n<p style=\"text-align: justify; \"><span><span><span><span><span><span><span><span><span><strong>Mo\u00e7\u00e3o de Aplauso n\u00ba32/2025</strong> -\u00a0<span>Mo\u00e7\u00e3o de Congratula\u00e7\u00f5es e Aplausos ao servidor p\u00fablico Rodrigo Manzale de Macedo pelos seus servi\u00e7os prestados. <span class=\"visualHighlight\"><em><strong>Aprovado</strong></em></span></span></span></span></span></span></span></span></span></span></span></p>\r\n<p style=\"text-align: justify; \"><span><span><span><span><span><span><span><span><span><span><br /></span></span></span></span></span></span></span></span></span></span></p>\r\n<p style=\"text-align: justify; \"><strong>Autoria vereadores Marcos Nunes, Bruno Peron, Fabiano do G\u00e1s, Regis Oliveira, Renato Lopes e Ricardo Barbosa</strong></p>\r\n<p style=\"text-align: justify; \"><span><span><span><span><span><span><span><span><span><span><strong>Indica\u00e7\u00e3o n146/2025</strong> -<span>\u201cA destina\u00e7\u00e3o de um caminh\u00e3o-pipa para atender as necessidades do munic\u00edpio de Alto Araguaia-MT.\u201d <span class=\"visualHighlight\"><em><strong>Lida e encaminhada</strong></em></span></span></span></span></span></span></span></span></span></span></span></span></p>\r\n<p><span style=\"text-align: justify; \">\u00a0</span></p>\r\n<p><span><span><span><span><span><span><br /></span></span></span></span></span></span></p>", "author_name": "", "version": "1.0", "author_url": "https://www.altoaraguaia.mt.leg.br/author/adm", "provider_name": "C\u00c2MARA MUNICIPAL DE ALTO ARAGUAIA", "type": "rich"}