{"provider_url": "https://www.altoaraguaia.mt.leg.br", "title": "Resumo da 3\u00aa Sess\u00e3o Ordin\u00e1ria de 2024", "html": "<h2 style=\"text-align: center; \"><b><span><img src=\"https://www.altoaraguaia.mt.leg.br/imagens/dispensadeLicitao4.png/@@images/c95a5106-ca68-4abf-8d62-d35c41808459.png\" alt=\"\" class=\"image-inline\" title=\"\" /></span></b></h2>\r\n<h2 style=\"text-align: center; \"><b><span>MAT\u00c9RIAS DO PODER EXECUTIVO</span></b></h2>\r\n<h3></h3>\r\n<h3>PROJETOS NOVOS</h3>\r\n<p><b><br /></b></p>\r\n<p style=\"text-align: justify; \"><b>P</b><b>ROJETO DE LEI DO EXECUTIVO N\u00ba 006/2024 \u2013</b> \u201cAutoriza o Poder Executivo a celebrar conv\u00eanio com o Rotary Club de Alto Araguaia/MT e d\u00e1 outras provid\u00eancias\u201d. <span class=\"visualHighlight\"><em><strong>Aprovado em regime de urg\u00eancia especial.</strong></em></span></p>\r\n<p style=\"text-align: justify; \"><b>PROJETO DE LEI DO EXECUTIVO N\u00ba 007/2024 \u2013 </b>\u201cAutoriza o Poder Executivo a firmar Termo de Conv\u00eanio com o Centro de Equoterapia e Equita\u00e7\u00e3o Equoamigos, para a manuten\u00e7\u00e3o das atividades.\u201d <em><strong><span class=\"visualHighlight\">Aprovado em regime de urg\u00eancia especial.</span></strong></em></p>\r\n<h3><b><br /></b></h3>\r\n<h3><b>PROJETO DEVOLVIDO DAS COMISS\u00d5ES</b></h3>\r\n<p><b><br /></b></p>\r\n<p style=\"text-align: justify; \"><b>PROJETO DE LEI DO EXECUTIVO N\u00ba 003/2024 \u2013 \u201c</b>Altera dispositivos da Lei Municipal n\u00ba 4.378, de 12 de abril de 2022\u201d. <span class=\"visualHighlight\"><em><strong>Aprovado.</strong></em></span></p>\r\n<p><b><span>\u00a0</span></b></p>\r\n<h2 style=\"text-align: center; \"><b>MAT\u00c9RIAS DO PODER LEGISLATIVO</b></h2>\r\n<p><b><span>\u00a0</span></b></p>\r\n<h3><b><span>PROJETO NOVO</span></b><b><span></span></b></h3>\r\n<p><b><span>\u00a0</span></b><b>\u00a0</b></p>\r\n<p><b>PROJETO DE LEI DO LEGISLATIVO N\u00ba 002/2024 \u2013</b><b><i> </i></b><i>\u201c</i>Institui o \u201cPrograma Plante uma \u00c1rvore\u201d nas Escolas da Rede Municipal de Ensino, e d\u00e1 Outras Provid\u00eancias\u201d. <span class=\"visualHighlight\"><em><strong>Encaminhado em regime de tramita\u00e7\u00e3o normal.</strong></em></span></p>\r\n<p><b>Autoria: Vereadora Mar\u00edlia Maia Rabello Queiroz<i>.</i></b></p>\r\n<p><b><i><br /></i></b></p>\r\n<h2 style=\"text-align: center; \"><b><span>INDICA\u00c7\u00d5ES E REQUERIMENTO</span></b></h2>\r\n<p><b>\u00a0</b></p>\r\n<p><b><span>Autoria do Vereador Odair Ferruja</span></b></p>\r\n<p style=\"text-align: justify; \"><b>Indica\u00e7\u00e3o n\u00ba 012/2024 </b>\u2013 \u201cSolicitando tapa buracos na Rua 31 esquina com a Rua Benedito Silv\u00e9rio da Costa, N.S. Aparecida\u201d.</p>\r\n<p style=\"text-align: justify; \"><b>Requerimento n\u00ba 009/2024 - </b>\u201cSolicitando Patrolamento no Campinho de Terra do Bairro Parque do Cerrado\u201d. <span class=\"visualHighlight\"><em><strong>Aprovado.</strong></em></span></p>\r\n<p style=\"text-align: justify; \"><b><br /></b></p>\r\n<p style=\"text-align: justify; \"><b>Autoria da Vereadora Mar\u00edlia Maia Rabello</b></p>\r\n<p style=\"text-align: justify; \"><b>Indica\u00e7\u00e3o n\u00ba 013/2024 </b>\u2013 \u201cSolicitando a\u00a0 Viabilidade de Aquisi\u00e7\u00e3o de 1 (um) Computador com Impressora para Atender as necessidades da Unidade de Sa\u00fade Am\u00e9lio Firmino de Oliveira Localizado no Distrito do Buriti\u201d.</p>\r\n<p style=\"text-align: justify; \"><b><br /></b></p>\r\n<p style=\"text-align: justify; \"><b>Autoria do Vereador Marcos Nunes</b><b>\u00a0</b></p>\r\n<p style=\"text-align: justify; \"><b>Indica\u00e7\u00e3o n\u00ba 014/2024 </b>\u2013 \u201cA implementa\u00e7\u00e3o de campanhas de conscientiza\u00e7\u00e3o contra mal tratos e abandono de animais nas escolas da rede de ensino municipal e, tamb\u00e9m, nos PSF\u00b4s, a fim de esclarecer e orientar toda sociedade sobre a guarda respons\u00e1vel de animais e chamar aten\u00e7\u00e3o para o problema do abandono e mal tratos, almejando, desta forma, a solu\u00e7\u00e3o deste problema que agrava a cada dia em nosso Munic\u00edpio.\u201d</p>\r\n<p style=\"text-align: justify; \"><b>Indica\u00e7\u00e3o n\u00ba 015/2024 </b>\u2013 \u201cA Contrata\u00e7\u00e3o de um M\u00e9dico Pediatra para atender nos PSF\u2019s ou no Hospital Municipal Deputado Cacildo Hugueney\u201d</p>\r\n<p style=\"text-align: justify; \"><b><br /></b></p>\r\n<p style=\"text-align: justify; \"><b>Autoria da Vereadora Mariana de Souza</b></p>\r\n<p style=\"text-align: justify; \"><b>Indica\u00e7\u00e3o n\u00ba 008/2024 </b>\u2013<b><i> \u201c</i></b>A possibilidade de instala\u00e7\u00e3o de pontos de \u00f4nibus cobertos e com bancos em todos os bairros do munic\u00edpio\u201d.</p>\r\n<p style=\"text-align: justify; \"><b><br /></b></p>\r\n<p style=\"text-align: justify; \"><b>No tema livre os </b><strong>extensionistas rurais da EMPAER \u2013 MT, Fernanda de Castro e Pedro Vitor apresentaram os trabalhos da EMPAER, desenvolvidos no 2\u00ba semestre de 2023, no munic\u00edpio de Alto Araguaia \u2013 MT.</strong></p>", "author_name": "", "version": "1.0", "author_url": "https://www.altoaraguaia.mt.leg.br/author/adm", "provider_name": "C\u00c2MARA MUNICIPAL DE ALTO ARAGUAIA", "type": "rich"}