{"provider_url": "https://www.altoaraguaia.mt.leg.br", "title": "Resumo da 3\u00aa Sess\u00e3o Ordin\u00e1ria - 18/02/2025.", "html": "<h2 style=\"text-align: center; \"><b><span><img src=\"https://www.altoaraguaia.mt.leg.br/imagens/copy2_of_dispensadeLicitao3.png/@@images/13dde29c-43cd-41ff-979a-6d3d5c42bf31.png\" alt=\"\" class=\"image-inline\" title=\"\" /></span></b></h2>\r\n<h2 style=\"text-align: center; \"><b><span><br /></span></b></h2>\r\n<h2 style=\"text-align: center; \"><b><span>MAT\u00c9RIAS DO PODER EXECUTIVO</span></b></h2>\r\n<p align=\"center\" class=\"Standard\"><b><span>\u00a0</span></b></p>\r\n<h3 class=\"mceContentBody documentContent template-newsitem_view portaltype-news-item site-portal section-institucional subsection-noticias subsection-noticias-portal_factory subsection-noticias-portal_factory-News Item icons-on userrole-owner userrole-member userrole-manager userrole-authenticated\"><b><span>PROJETOS NOVOS</span></b></h3>\r\n<h3 class=\"mceContentBody documentContent template-newsitem_view portaltype-news-item site-portal section-institucional subsection-noticias subsection-noticias-portal_factory subsection-noticias-portal_factory-News Item icons-on userrole-owner userrole-member userrole-manager userrole-authenticated\"><b><span>\u00a0</span></b></h3>\r\n<p class=\" \" style=\"text-align: justify; \"><strong>PROJETO DE LEI N\u00ba 008, DE 12 FEVEREIRO DE 2025</strong>.\u00a0 Altera dispositivos da\u00a0\u00a0 Lei municipal n\u00ba 2.772/2011. <span class=\"visualHighlight\"><em><strong>Encaminhado em regime de\u00a0 tramita\u00e7\u00e3o normal.</strong></em></span></p>\r\n<p class=\"Standard\" style=\"text-align: justify; \"><strong>PROJETO DE LEI N\u00ba 009, 13 DE FEVEREIRO DE 2025</strong><span>. Altera dispositivos da Lei Municipal n\u00ba 4.611, de 26 de novembro de 2024, e autoriza a abertura de Cr\u00e9dito Adicional Suplementar no or\u00e7amento vigente.<span class=\"visualHighlight\"><em><strong> Aprovado em regime de urg\u00eancia especial.</strong></em></span></span></p>\r\n<p class=\"Standard\" style=\"text-align: justify; \"><span></span><b>PROJETO DE LEI N\u00ba 010, DE 13 DE FEVEREIRO DE 2025</b><em><b>. </b></em><span>Autoriza o munic\u00edpio de Alto Araguaia a celebrar conv\u00eanio com a Par\u00f3quia Nossa Senhora Auxiliadora. <span class=\"visualHighlight\"><em><strong>Aprovado em regime de urg\u00eancia especial.</strong></em></span></span></p>\r\n<p class=\"Standard\" style=\"text-align: justify; \"><b>PROJETO DE LEI N\u00ba 011, DE 13 DE FEVEREIRO DE 2025.</b><em><b> </b></em><span>Altera dispositivos da Lei Municipal n\u00ba 2.743, de 23 de dezembro de 2010. <span class=\"visualHighlight\"><em><strong>Encaminhado em regime de tramita\u00e7\u00e3o normal.</strong></em></span></span></p>\r\n<p class=\"Standard\" style=\"text-align: justify; \">\u00a0</p>\r\n<h2 style=\"text-align: center; \"><b><span>MAT\u00c9RIAS DO PODER LEGISLATIVO</span></b></h2>\r\n<p align=\"center\" class=\"Standard\"><b><span>\u00a0</span></b></p>\r\n<p align=\"center\" class=\"Standard\" style=\"text-align: justify; \"><b><span></span></b><b>PROJETO DE LEI N\u00ba 004, DE 12 DE FEVEREIRO DE 2025. </b><span>Institui a Pol\u00edtica de Aten\u00e7\u00e3o \u00e0 Sa\u00fade da Mulher, garantindo assist\u00eancia integral, exames preventivos e educa\u00e7\u00e3o em sa\u00fade, visando \u00e0 melhoria das condi\u00e7\u00f5es de vida das mulheres\u201d. </span><span class=\"visualHighlight\"><em><strong>Encaminhado em regime de tramita\u00e7\u00e3o normal.</strong></em></span></p>\r\n<p align=\"center\" class=\"Standard\" style=\"text-align: justify; \"><span></span><b>Autoria:</b><span> Martha Maia</span></p>\r\n<p class=\"Standard\" style=\"text-align: justify; \">\u00a0<b>\u00a0</b></p>\r\n<h2 class=\"mceContentBody documentContent template-newsitem_view portaltype-news-item site-portal section-institucional subsection-noticias subsection-noticias-portal_factory subsection-noticias-portal_factory-News Item icons-on userrole-owner userrole-member userrole-manager userrole-authenticated\" style=\"text-align: center; \"><b><span>INDICA\u00c7\u00d5ES E REQUERIMENTOS</span></b></h2>\r\n<h2 class=\"mceContentBody documentContent template-newsitem_view portaltype-news-item site-portal section-institucional subsection-noticias subsection-noticias-portal_factory subsection-noticias-portal_factory-News Item icons-on userrole-owner userrole-member userrole-manager userrole-authenticated\"><b><span>\u00a0</span></b></h2>\r\n<p class=\"Standard\" style=\"text-align: justify; \"><b><span>Autoria do Vereador\u00a0 Regis Oliveira</span></b></p>\r\n<p class=\"Standard\" style=\"text-align: justify; \"><b>Requerimento n\u00ba 006/2025 </b>- \u201cPara que seja feita uma manuten\u00e7\u00e3o da passarela da ponte sobre sob o C\u00f3rrego Boiadeiro, BR 364, Munic\u00edpio de Alto Araguaia-MT\u201d. <span class=\"visualHighlight\"><em><strong>Aprovado</strong></em></span></p>\r\n<p class=\"Standard\" style=\"text-align: justify; \"><b>Indica\u00e7\u00e3o n\u00ba 010/2025<i> - </i></b>\u201cSugerindo que seja providenciada uma nova bomba dosadora de cloro de 3 cabe\u00e7as para o Departamento de Divis\u00e3o de \u00c1gua e Esgoto do Munic\u00edpio de Alto Araguaia \u2013 MT\u201d. <span class=\"visualHighlight\"><em><strong>Lida e encaminhada.</strong></em></span></p>\r\n<p class=\"Standard\" style=\"text-align: justify; \"><b><span>\u00a0</span></b></p>\r\n<p class=\"Standard\" style=\"text-align: justify; \"><b>Autoria do Vereador \u2013 Bruno Pio Peron</b></p>\r\n<p class=\"Standard\" style=\"text-align: justify; \"><b>Indica\u00e7\u00e3o 008/2025 \u2013 </b><span>\u201cIndicando a necessidade de encaminhar para esta casa projeto de lei para a cria\u00e7\u00e3o do Fundo Municipal de Esportes.\u201d\u00a0<span>\u00a0</span><span class=\"visualHighlight\"><em><strong>Lida e encaminhada.</strong></em></span></span></p>\r\n<p class=\"Standard\" style=\"text-align: justify; \"><b>\u00a0</b></p>\r\n<p class=\"Standard\" style=\"text-align: justify; \"><b><span>Autoria do Vereador Ad\u00e3o da Madeireira\u00a0 </span></b></p>\r\n<p class=\"Standard\" style=\"text-align: justify; \"><b>Indica\u00e7\u00e3o n\u00ba 011/2025 </b><span>-\u00a0 \u201cSeja realizada a sinaliza\u00e7\u00e3o vertical e horizontal, no cruzamento entre Avenida Vereadora Maria da Gl\u00f3ria F\u00e1vero e rua Benedito Jos\u00e9 da Costa indicando qual \u00e9 preferencial. (trecho pr\u00f3ximo a \u00e0 escola Municipal Maria Ferreira Ribeiro).\u00a0<span>\u00a0</span><span class=\"visualHighlight\"><em><strong>Lida e encaminhada.</strong></em></span></span></p>\r\n<p class=\"Standard\" style=\"text-align: justify; \"><b>Indica\u00e7\u00e3o n\u00ba 012/2025 </b><span>- \u201cSugerindo que seja realizada a limpeza do Parque Ecol\u00f3gico Municipal Atanael Farias Da Costa\u201d.\u00a0<span>\u00a0</span><span class=\"visualHighlight\"><em><strong>Lida e encaminhada.</strong></em></span></span></p>\r\n<p class=\"Standard\" style=\"text-align: justify; \"><b>Indica\u00e7\u00e3o n\u00ba 013/2025 </b><span>-\u00a0 \u201cSeja realizada a reformar de uma ponte sobre o c\u00f3rrego do Rancho MU-74, fazendo a troca do assoalho, roda pneu e guarda p\u00f3.\u00a0<span>\u00a0</span><span class=\"visualHighlight\"><em><strong>Lida e encaminhada.</strong></em></span></span></p>\r\n<p class=\"Standard\" style=\"text-align: justify; \">\u00a0</p>\r\n<p class=\"Standard\" style=\"text-align: justify; \"><b><span>Autoria da Vereadora Martha Maia</span></b></p>\r\n<p class=\"Standard\" style=\"text-align: justify; \"><b>Indica\u00e7\u00e3o n\u00ba 014/2025 -</b> \u201ca necessidade urgente de manuten\u00e7\u00e3o do Parque Ecol\u00f3gico Atanael Farias da Costa. Al\u00e9m disso, solicita-se a retomada das aulas de dan\u00e7a e zumba que anteriormente ocorriam no local, promovendo assim o bem-estar e a qualidade de vida da popula\u00e7\u00e3o.\u201d\u00a0<span>\u00a0</span><span class=\"visualHighlight\"><em><strong>Lida e encaminhada.</strong></em></span></p>\r\n<p class=\"Standard\" style=\"text-align: justify; \">\u00a0</p>\r\n<p class=\"Standard\" style=\"text-align: justify; \"><b><span>Autoria da Vereadora Polleyka Fraga</span></b></p>\r\n<p class=\"Standard\" style=\"text-align: justify; \"><b>Indica\u00e7\u00e3o n\u00ba 015/2025 \u2013 </b><span>Solicitar que a prefeitura em parceria com a Via Brasil possa: Aumentar o n\u00famero j\u00e1 existentes de carros cadastrados que s\u00e3o isentos do ped\u00e1gio para sitiantes daquela proximidade, que seja feito o estudo para implementa\u00e7\u00e3o de ped\u00e1gio social aos familiares que tenham mais de um ve\u00edculo.\u00a0<span>\u00a0</span><span class=\"visualHighlight\"><em><strong>Lida e encaminhada.</strong></em></span></span></p>\r\n<p class=\"Standard\" style=\"text-align: justify; \"><b><span>\u00a0</span></b></p>\r\n<p class=\"Standard\" style=\"text-align: justify; \"><b><span>Autoria do Vereador Renato</span></b></p>\r\n<p class=\"Standard\" style=\"text-align: justify; \"><b>Indica\u00e7\u00e3o n\u00b0 016/2025 -</b><span> indica\u00e7\u00e3o a necessidade de instala\u00e7\u00e3o de cobertura na \u00c1rea de Lazer da Creche Izoldina de Castro Maia</span><b><i>.\u00a0<span>\u00a0</span><span class=\"visualHighlight\"><em><strong>Lida e encaminhada.</strong></em></span></i></b></p>\r\n<p class=\"Standard\" style=\"text-align: justify; \">\u00a0</p>\r\n<p class=\"Standard\" style=\"text-align: justify; \"><b><span>Autoria do Vereador Fabiano do G\u00e1s</span></b></p>\r\n<p class=\"Standard\" style=\"text-align: justify; \"><b>Indica\u00e7\u00e3o n\u00ba 017/2025 -<span> </span></b>\u201csugerindo a aquisi\u00e7\u00e3o de uma linha de celular para o Centro de Regula\u00e7\u00e3o viabilizando a comunica\u00e7\u00e3o por meio do WhatsApp\u201d.\u00a0<span>\u00a0</span><span class=\"visualHighlight\"><em><strong>Lida e encaminhada.</strong></em></span></p>\r\n<p class=\"Standard\" style=\"text-align: justify; \"><b>Indica\u00e7\u00e3o n\u00ba 018/2025 </b><span>- \u201csolicitando o rebaixamento do canteiro central na dire\u00e7\u00e3o da faixa de pedestre em frente ao Banco do Brasil\u201d.\u00a0<span>\u00a0</span><span class=\"visualHighlight\"><em><strong>Lida e encaminhada.</strong></em></span></span></p>\r\n<p class=\"Standard\" style=\"text-align: justify; \"><span>\u00a0</span></p>\r\n<p class=\"Standard\" style=\"text-align: justify; \"><b><span>Autoria dos Vereadores Marcos Nunes e Bruno Peron</span></b></p>\r\n<p class=\"Standard\" style=\"text-align: justify; \"><b>Indica\u00e7\u00e3o n\u00b0 009/2025 - </b>\u201cnecessidade de Reforma geral da Quadra Esportiva da\u00a0 Pra\u00e7a Audinor Germano Rosa, tais como\u00a0 troca do gramado sint\u00e9tico,\u00a0 reforma dos banheiros,\u00a0 constru\u00e7\u00e3o de alambrado e\u00a0 troca da ilumina\u00e7\u00e3o\u201d.\u00a0<span>\u00a0</span><span class=\"visualHighlight\"><em><strong>Lida e encaminhada.</strong></em></span></p>", "author_name": "", "version": "1.0", "author_url": "https://www.altoaraguaia.mt.leg.br/author/adm", "provider_name": "C\u00c2MARA MUNICIPAL DE ALTO ARAGUAIA", "type": "rich"}