{"provider_url": "https://www.altoaraguaia.mt.leg.br", "title": "Resumo da 41\u00aa Sess\u00e3o Ordinaria de 2025.", "html": "<h2 style=\"text-align: center; \"><strong><img src=\"https://www.altoaraguaia.mt.leg.br/imagens/Resumo24.png/@@images/647c6787-6604-48c9-b27f-a6287a2b6080.png\" alt=\"\" class=\"image-inline\" title=\"\" /></strong></h2>\r\n<h2 style=\"text-align: center; \"><strong><br /></strong></h2>\r\n<h2 style=\"text-align: center; \"><strong>MAT\u00c9RIA DO PODER EXECUTIVO</strong></h2>\r\n<p><strong><br /></strong></p>\r\n<h3 style=\"text-align: justify; \">PROJETO NOVO</h3>\r\n<p style=\"text-align: justify; \"><strong>Projeto de Lei n\u00ba054/2025</strong> - \"Autoriza a celebra\u00e7\u00e3o de conv\u00eanio junto ao Sindicato Rural de Alto Araguaia, para custeio de parte das despesas com a realiza\u00e7\u00e3o do 9\u00ba Leil\u00e3o Direito de Viver.\" <span class=\"visualHighlight\"><em><strong>Aprovado em regime de urg\u00eancia especial.</strong></em></span></p>\r\n<p style=\"text-align: justify; \">\u00a0</p>\r\n<h2 style=\"text-align: center; \">MAT\u00c9RIA DO PODER LEGISLATIVO</h2>\r\n<p style=\"text-align: justify; \">\u00a0</p>\r\n<p style=\"text-align: justify; \"><strong>Proposta de Emenda a Lei Org\u00e2nica n\u00ba01/2025</strong> - \"Altera o artigo 64 da Lei Org\u00e2nica do Munic\u00edpio de Alto Araguaia-MT.\" <span class=\"visualHighlight\"><em><strong>Encaminhada em regime de tramita\u00e7\u00e3o normal.</strong></em></span></p>\r\n<p style=\"text-align: justify; \"><strong>Autoria Mesa Diretora</strong></p>\r\n<p style=\"text-align: justify; \"><strong><br /></strong></p>\r\n<p style=\"text-align: justify; \"><strong>Emenda modificativa e supressiva n\u00ba15/2025 </strong><span><strong>ao Projeto de Lei n\u00ba023/2025</strong> -\u00a0Modifica o Art. 3\u00ba e o Art. 10\u00ba e suprime o Art. 4\u00ba e Art. 9\u00ba do Projeto de Lei N\u00ba 023 de origem do Poder Legislativo. <span class=\"visualHighlight\"><em><strong>Aprovado</strong></em></span></span></p>\r\n<p style=\"text-align: justify; \"><strong><span>Autoria Comiss\u00e3o da Legisla\u00e7\u00e3o, Justi\u00e7a e Reda\u00e7\u00e3o Final</span></strong></p>\r\n<p style=\"text-align: justify; \"><strong><span><br /></span></strong></p>\r\n<p style=\"text-align: justify; \"><strong>Projeto de Lei n\u00ba023/2025</strong> -\u00a0Declara as cavalgadas, o tropeirismo e demais tradi\u00e7\u00f5es culturais ligadas ao meio rural, como Patrim\u00f4nio Hist\u00f3rico e Cultural de natureza imaterial da cidade de Alto Araguaia/MT, para fins do disposto no Art.225, \u00a77\u00ba, Art.215, \u00a71\u00ba e Art.30, Inc. IX, da Constitui\u00e7\u00e3o Federal. <span class=\"visualHighlight\"><em><strong>Aprovado</strong></em></span></p>\r\n<p style=\"text-align: justify; \"><strong><span>Autoria vereadora Martha Maia e Regis Oliveira</span></strong></p>\r\n<p style=\"text-align: justify; \"><strong><span><br /></span></strong></p>\r\n<p style=\"text-align: justify; \"><b>Emenda Modificativo n\u00ba024/2025 -\u00a0</b>Disp\u00f5e sobre a proibi\u00e7\u00e3o do abandono de ve\u00edculos em vias p\u00fablicas no Munic\u00edpio de Alto Araguaia - MT, e d\u00e1 outras provid\u00eancias. <span class=\"visualHighlight\"><em><strong>Aprovada</strong></em></span></p>\r\n<p style=\"text-align: justify; \"><strong>Autoria Regis Oliveira</strong></p>\r\n<p style=\"text-align: justify; \"><strong><br /></strong></p>\r\n<p style=\"text-align: justify; \"><strong>Projeto de Lei n\u00ba018/2025 -</strong>\u00a0Institui a Pol\u00edtica Municipal de Apoio Integral a Mulheres em Situa\u00e7\u00e3o de Viol\u00eancia Dom\u00e9stica e Familiar no Munic\u00edpio de Alto Araguaia e d\u00e1 outras provid\u00eancias. <span class=\"visualHighlight\"><em><strong>Aprovada</strong></em></span></p>\r\n<p style=\"text-align: justify; \"><strong>Autoria vereadora Martha Maia</strong></p>\r\n<p style=\"text-align: justify; \"><strong><br /></strong></p>\r\n<h2 style=\"text-align: center; \"><b>INDICA\u00c7\u00d5ES / REQUERIMENTOS</b></h2>\r\n<p style=\"text-align: justify; \"><b><br /></b></p>\r\n<p style=\"text-align: justify; \"><b>Autoria vereadora Martha Maia</b></p>\r\n<p style=\"text-align: justify; \"><b>Indica\u00e7\u00e3o n\u00ba153/2025 -\u00a0</b>Indica imediata aten\u00e7\u00e3o e as provid\u00eancias cab\u00edveis quanto \u00e0 situa\u00e7\u00e3o cr\u00edtica da piscina p\u00fablica localizada ao lado do Gin\u00e1sio Jer\u00f4nimo Samita Maia (Samit\u00e3o). <span class=\"visualHighlight\"><em><strong>Lida e encaminhada</strong></em></span></p>\r\n<p style=\"text-align: justify; \"><strong>Requerimento n\u00ba058/2025</strong> -\u00a0Solicitando informa\u00e7\u00f5es detalhadas acerca dos contratos de financiamento ativos celebrados entre o Munic\u00edpio de Alto Araguaia e a Caixa Econ\u00f4mica Federal. <span class=\"visualHighlight\"><em><strong>Aprovado</strong></em></span></p>\r\n<p style=\"text-align: justify; \"><strong>Requerimento n\u00ba059/2025</strong> -\u00a0Requer informa\u00e7\u00f5es da Secretaria Municipal de Sa\u00fade para reduzir o tempo de espera e solucionar os atrasos nos atendimentos m\u00e9dicos, incluindo os servi\u00e7os prestados pelo Centro de Reabilita\u00e7\u00e3o. <span class=\"visualHighlight\"><em><strong>Aprovado</strong></em></span></p>\r\n<p style=\"text-align: justify; \"><strong><br /></strong></p>\r\n<p style=\"text-align: justify; \"><strong>Autoria vereador Regis Oliveira</strong></p>\r\n<p style=\"text-align: justify; \"><strong>Requerimento n\u00ba057/2025 -\u00a0</strong>\u201cRequer informa\u00e7\u00f5es sobre a falta de geladeira para armazenamento de vacinas e medicamentos no PSF do bairro Parque Do Cerrado no munic\u00edpio de Alto Araguaia \u2013 MT.\u201d <span class=\"visualHighlight\"><em><strong>Aprovado</strong></em></span></p>\r\n<p style=\"text-align: justify; \"><strong>Indica\u00e7\u00e3o n\u00ba149/2025</strong> -\u00a0\u201csugerindo que seja feita a reinstala\u00e7\u00e3o de uma academia popular no Distrito do Buriti, Munic\u00edpio de Alto Araguaia-MT.\u201d <span class=\"visualHighlight\"><em><strong>Lida e encaminhada</strong></em></span></p>\r\n<p style=\"text-align: justify; \"><span class=\"visualHighlight\"><em><strong><br /></strong></em></span></p>\r\n<p style=\"text-align: justify; \"><strong>Autoria vereadora Polleyka Fraga</strong></p>\r\n<p style=\"text-align: justify; \"><strong>Indica\u00e7\u00e3o n\u00ba150/2025 -</strong>\u00a0\u201cSolicito a possibilidade de viabilizar Ilumina\u00e7\u00e3o no Parque Municipal - Atanel Farias da Costa, visto que muitos frequentadores tem realizado atividades f\u00edsicas ap\u00f3s o expediente de trabalho. E a ilumina\u00e7\u00e3o al\u00e9m de tornar o lugar mais acolhedor, o torna tamb\u00e9m mais seguro.\u201d <span class=\"visualHighlight\"><em><strong>Lida e encaminhada</strong></em></span></p>\r\n<p style=\"text-align: justify; \">\u00a0</p>\r\n<p style=\"text-align: justify; \"><strong>Autoria vereador Clodoaldo</strong></p>\r\n<p style=\"text-align: justify; \"><strong>Indica\u00e7\u00e3o n\u00ba151/2025</strong> -\u00a0\u201cSolicitando a pavimenta\u00e7\u00e3o asf\u00e1ltica no trecho da Rua Buriti, compreendido entre a Rua Benjamim Constat e a Rua Guilherme Gon\u00e7alves Berigo, localizada no Bairro Gabiroba.\u201d <span class=\"visualHighlight\"><em><strong>Lida e encaminhada</strong></em></span></p>\r\n<p style=\"text-align: justify; \"><strong>Indica\u00e7\u00e3o n\u00ba152/2025 - \"</strong>Solicito a instala\u00e7\u00e3o de um refletor na parede da Quadra Poliesportiva Paulo Gomes de Rezende, no bairro Gabiroba, voltado para a rua que d\u00e1 acesso \u00e0 quadra e ao Asilo Tia Nega.\" <span class=\"visualHighlight\"><em><strong>Lida e encaminhada\u00a0</strong></em></span></p>\r\n<p style=\"text-align: justify; \">\u00a0</p>\r\n<p style=\"text-align: justify; \"><strong>Autoria Mesa Diretora</strong></p>\r\n<p style=\"text-align: justify; \"><strong>Requerimento n\u00ba60/2025</strong> - Solicitando, aprecia\u00e7\u00e3o e decis\u00e3o do Plen\u00e1rio, para antecipa\u00e7\u00e3o da 45\u00aa ordin\u00e1ria, que seria dia 22/12/2025 para dia 18/12/2025, para \u00e0s 19 h (Bras\u00edlia). <span class=\"visualHighlight\"><em><strong>Aprovado</strong></em></span></p>\r\n<p style=\"text-align: justify; \"><span class=\"visualHighlight\"><em><strong><br /></strong></em></span></p>", "author_name": "", "version": "1.0", "author_url": "https://www.altoaraguaia.mt.leg.br/author/adm", "provider_name": "C\u00c2MARA MUNICIPAL DE ALTO ARAGUAIA", "type": "rich"}