{"provider_url": "https://www.altoaraguaia.mt.leg.br", "title": "Resumo da 42\u00aa Sess\u00e3o Ordin\u00e1ria de 2025. ", "html": "<h2 style=\"text-align: center; \"><img src=\"https://www.altoaraguaia.mt.leg.br/imagens/Resumo26.png/@@images/104463bc-50bd-4eb0-bf90-31791bb22911.png\" alt=\"\" class=\"image-inline\" title=\"\" /></h2>\r\n<h2 style=\"text-align: center; \"></h2>\r\n<h2 style=\"text-align: center; \">MAT\u00c9RIAS DO PODER EXECUTIVO</h2>\r\n<p>\u00a0</p>\r\n<h3 style=\"text-align: justify; \">PROJETOS DEVOLVIDOS DAS COMISS\u00d5ES</h3>\r\n<p>\u00a0</p>\r\n<p style=\"text-align: justify; \"><strong>Projeto de Lei n\u00ba50/2025</strong> -\u00a0<span>Disp\u00f5e sobre o Plano Plurianual do Munic\u00edpio de Alto Araguaia \u2013 MT, para o quadri\u00eanio 2026/2029. <span class=\"visualHighlight\"><em><strong>Aprovado</strong></em></span></span></p>\r\n<p style=\"text-align: justify; \"><span><strong>Projeto de Lei n\u00ba53/2025</strong> - Autoriza o Poder Executivo Municipal a celebrar conv\u00eanio com o Conselho da Comunidade de Alto Araguaia e a\u00a0 promover a Cess\u00e3o de uso de \u00c1rea P\u00fablica para fins de ressocializa\u00e7\u00e3o e implanta\u00e7\u00e3o de horta comunit\u00e1ria. <span class=\"visualHighlight\"><em><strong>Aprovado</strong></em></span></span></p>\r\n<p style=\"text-align: justify; \"><span><br /></span></p>\r\n<h2 style=\"text-align: center; \">MAT\u00c9RIAS DO PODER LEGISLATIVO</h2>\r\n<p style=\"text-align: justify; \">\u00a0</p>\r\n<p style=\"text-align: justify; \"><strong>Proposta de Emenda a Lei Org\u00e2nica n\u00ba01/2025</strong> -\u00a0<span>Altera o artigo 64 da Lei Org\u00e2nica do Munic\u00edpio de Alto Araguaia-MT. <span class=\"visualHighlight\"><em><strong>Aprovada</strong></em></span></span></p>\r\n<p style=\"text-align: justify; \"><strong>Autoria mesa diretora (Marcos Nunes, Paulinho, Polleyka Fraga e Ricardo Barbosa)</strong></p>\r\n<p style=\"text-align: justify; \"><strong><br /></strong></p>\r\n<p style=\"text-align: justify; \"><span><strong>Projeto de Lei n\u00ba25/2025 -</strong>\u00a0<span>\u201cAltera o nome da Rua do Jasmim, Localizada no Bairro vista Araguaia, para Rua Pedro Dami\u00e3o dos Santos\u201d. <span class=\"visualHighlight\"><em><strong>Encaminhado em regime de tramita\u00e7\u00e3o normal</strong></em></span></span></span></p>\r\n<p style=\"text-align: justify; \"><strong>Autoria vereador Ricardo Barbosa</strong></p>\r\n<p style=\"text-align: justify; \"><span><span><br /></span></span></p>\r\n<p style=\"text-align: justify; \"><span><span><strong>Projeto de Decreto n\u00ba013/2025</strong> -\u00a0<span>Concede t\u00edtulo de Cidad\u00e3o Araguaiense ao Dr. NEY PEREIRA DE SOUSA\u201d.\u00a0<span class=\"visualHighlight\"><em><strong>Encaminhado em regime de tramita\u00e7\u00e3o normal</strong></em></span></span></span></span></p>\r\n<p style=\"text-align: justify; \"><span><strong>Projeto de Decreto n\u00ba014/2025</strong> -\u00a0</span><span>\u201cConcede t\u00edtulo de Cidad\u00e3o Araguaiense ao Sra. KARLA CRISTINA COELHO.\u201d\u00a0<span class=\"visualHighlight\"><em><strong>Encaminhado em regime de tramita\u00e7\u00e3o normal</strong></em></span></span></p>\r\n<p style=\"text-align: justify; \">\u00a0<strong>Autoria vereadora Polleyka Fraga</strong></p>\r\n<p style=\"text-align: justify; \"><span><br /></span></p>\r\n<p style=\"text-align: justify; \"><span><strong>Projeto de Decreto n\u00ba015/2025 -</strong>\u00a0<span>\u201cConcede T\u00edtulo de Cidad\u00e3o Araguaiense ao Sr. Sebasti\u00e3o Jos\u00e9 Nogueira.\u201d\u00a0<span class=\"visualHighlight\"><em><strong>Encaminhado em regime de tramita\u00e7\u00e3o normal</strong></em></span></span></span></p>\r\n<p style=\"text-align: justify; \"><strong>Autoria vereador\u00a0 Fabiano do G\u00e1s</strong></p>\r\n<p style=\"text-align: justify; \">\u00a0</p>\r\n<h2 style=\"text-align: center; \">INDICA\u00c7\u00d5ES\u00a0</h2>\r\n<p><strong><span style=\"text-align: justify; \">Autoria vereadora Martha Maia</span></strong></p>\r\n<p style=\"text-align: justify; \"><strong>Indica\u00e7\u00e3o n\u00ba154/2025</strong> -\u00a0<span>Indica a imediata realiza\u00e7\u00e3o de reforma e revitaliza\u00e7\u00e3o completa do Gin\u00e1sio de Esportes Jer\u00f4nimo Samita Maia (SAMIT\u00c3O), bem como a reforma, pintura e instala\u00e7\u00e3o de tenda na academia ao ar livre localizada ao lado do referido gin\u00e1sio. <span class=\"visualHighlight\"><em><strong>Lida e encaminhada</strong></em></span></span></p>\r\n<p style=\"text-align: justify; \"><span><strong>Indica\u00e7\u00e3o n\u00ba155/2025</strong> -\u00a0<span>Indica a ado\u00e7\u00e3o de medidas para a implanta\u00e7\u00e3o de sinaliza\u00e7\u00e3o horizontal e vertical, bem como a nomea\u00e7\u00e3o oficial da rua que corre paralela \u00e0 MT-100, respons\u00e1vel por interligar os bairros Vila Aeroporto e Parque do Cerrado (Professora Maria das Gra\u00e7as).\u00a0<span class=\"visualHighlight\"><em><strong>Lida e encaminhada</strong></em></span></span></span></p>\r\n<p style=\"text-align: justify; \"><strong>Indica\u00e7\u00e3o n\u00ba156/2025</strong> -\u00a0<span>Indica a ado\u00e7\u00e3o de medidas urgentes para a recupera\u00e7\u00e3o da pavimenta\u00e7\u00e3o asf\u00e1ltica da Rua Ab\u00edlio Siqueira, que d\u00e1 acesso \u00e0 Ponte da Aninha, bem como a realiza\u00e7\u00e3o de uma auditoria na obra recentemente executada.<span class=\"visualHighlight\"><em><strong>\u00a0Lida e encaminhada</strong></em></span></span></p>\r\n<p style=\"text-align: justify; \"><span><br /></span></p>\r\n<p style=\"text-align: justify; \"><strong>Autoria vereadora Polleyka Fraga</strong></p>\r\n<p style=\"text-align: justify; \"><span><strong>Indica\u00e7\u00e3o n\u00ba157/2025</strong> -\u00a0<span>\u201cSolicito a possibilidade de viabilizar a Reestrutura\u00e7\u00e3o adequada de uma parte do PARQUE MUNICIPAL, a onde est\u00e1 instalado o Parque Infantil, transformando-o em Parque Infantil Sensorial Natural, visando a estimula\u00e7\u00e3o atrav\u00e9s de Elementos naturais que criam sons, como o som do vento nas folhas, em um espa\u00e7o com troncos, galhos e pedras que incentivam a movimenta\u00e7\u00e3o, o equil\u00edbrio e a explora\u00e7\u00e3o do corpo, com cores vibrantes de plantas, flores e at\u00e9 o uso de mobili\u00e1rio e estruturas feitas com materiais naturais.\u201d <span class=\"visualHighlight\"><em><strong>Lida e encaminhada</strong></em></span></span></span></p>\r\n<p style=\"text-align: justify; \"><span><span><br /></span></span></p>\r\n<p style=\"text-align: justify; \"><strong>Autoria vereador Ad\u00e3o da madeireira</strong></p>\r\n<p style=\"text-align: justify; \"><span><span><strong>Indica\u00e7\u00e3o n\u00ba158/2025</strong> -\u00a0<span>sugerindo a necessidade de constru\u00e7\u00e3o de um banheiro e de um bebedouro com \u00e1gua filtrada no Cemit\u00e9rio Municipal.\u00a0</span></span></span></p>\r\n<p style=\"text-align: justify; \"><span class=\"visualHighlight\"><em><strong>Lida e encaminhada</strong></em></span></p>\r\n<p style=\"text-align: justify; \"><strong>\u00a0</strong></p>\r\n<p style=\"text-align: justify; \"><strong>Autoria vereador Clodoaldo\u00a0</strong></p>\r\n<p style=\"text-align: justify; \"><strong>Indica\u00e7\u00e3o n\u00ba159/2025</strong> -\u00a0<span>Possibilidade de instalar um monumento em formato de queijo cabacinha na entrada de Alto Araguaia/MT, ou em outro ponto estrat\u00e9gico da cidade, como forma de valorizar esta importante tradi\u00e7\u00e3o local.<span class=\"visualHighlight\"><em><strong>\u00a0Lida e encaminhada</strong></em></span></span></p>", "author_name": "", "version": "1.0", "author_url": "https://www.altoaraguaia.mt.leg.br/author/adm", "provider_name": "C\u00c2MARA MUNICIPAL DE ALTO ARAGUAIA", "type": "rich"}