{"provider_url": "https://www.altoaraguaia.mt.leg.br", "title": "Resumo da 43\u00aa Sess\u00e3o Ordin\u00e1ria de 2025.", "html": "<h2 style=\"text-align: center; \"><img src=\"https://www.altoaraguaia.mt.leg.br/imagens/Resumo28.png/@@images/00f9d96b-42a2-45f5-bd45-6fd938ee9ae6.png\" alt=\"\" class=\"image-inline\" title=\"\" /></h2>\r\n<h2 style=\"text-align: center; \"></h2>\r\n<h2 style=\"text-align: center; \"></h2>\r\n<h2 style=\"text-align: center; \">MAT\u00c9RIAS DOS PODER EXECUTIVO</h2>\r\n<p>\u00a0</p>\r\n<h3>PROJETO DEVOLVIDO DAS COMISS\u00d5ES</h3>\r\n<p>\u00a0</p>\r\n<p><strong>Projeto de Lei Ordin\u00e1ria n\u00ba41/2025</strong> -\u00a0<span>Estima a receita e fixa a despesa do munic\u00edpio de Alto Araguaia, Estado de Mato Grosso, para o exerc\u00edcio de 2026. <span class=\"visualHighlight\"><em><strong>Aprovado por Unanimidade</strong></em></span></span></p>\r\n<p>\u00a0</p>\r\n<p>\u00a0</p>\r\n<h2 style=\"text-align: center; \">MAT\u00c9RIAS DO PODER LEGISLATIVO</h2>\r\n<p>\u00a0</p>\r\n<h3>EMENDAS MODIFICATIVAS</h3>\r\n<p>\u00a0</p>\r\n<p style=\"text-align: justify; \"><strong>Emenda Modificativa n\u00ba17/2025</strong> -\u00a0<span>Os Vereadores signat\u00e1rios, em cumprimento \u00e0s atribui\u00e7\u00f5es conferidas pelo art. 256, \u00a7 2\u00ba, do Regimento Interno prop\u00f5em a Emenda Impositiva Modificativa N\u00ba 01 ao Projeto de Lei n\u00ba 041, de 29 de agosto de 2025, de autoria do Poder Executivo. <span class=\"visualHighlight\"><em><strong>Aprovada</strong></em></span></span></p>\r\n<p style=\"text-align: justify; \"><strong>Autoria dos vereadores\u00a0\u00a0Ad\u00e3o da Madeireira, Bruno Peron, Clodoaldo, Fabiano do G\u00e1s, Marcos Nunes, Martha Maia, Paulinho, Polleyka Fraga, Regis Oliveira, Renato Lopes, Ricardo Barbosa.</strong></p>\r\n<p style=\"text-align: justify; \"><strong><br /></strong></p>\r\n<p style=\"text-align: justify; \"><strong>Emenda Modificativa n\u00ba18/2025 -\u00a0</strong>Os Vereadores signat\u00e1rios, em cumprimento \u00e0s atribui\u00e7\u00f5es conferidas pelo art. 256, \u00a7 2\u00ba, do Regimento Interno prop\u00f5em a Emenda Modificativa N\u00ba 02/2025 ao Projeto de Lei n\u00ba 041, de 29 de agosto de 2025, de autoria do Poder Executivo. <span class=\"visualHighlight\"><em><strong>Aprovada</strong></em></span></p>\r\n<p style=\"text-align: justify; \"><b>Autoria dos vereadores\u00a0<span>Ad\u00e3o da Madeireira, Bruno Peron, Clodoaldo, Fabiano do G\u00e1s, Marcos Nunes, Martha Maia, Paulinho, Polleyka Fraga, Regis Oliveira, Renato Lopes, Ricardo Barbosa.</span></b></p>\r\n<p style=\"text-align: justify; \"><b><span><br /></span></b></p>\r\n<p style=\"text-align: justify; \"><b><span>Emenda Modificativa n\u00ba19/2025 -\u00a0</span></b>Os Vereadores signat\u00e1rios, em cumprimento \u00e0s atribui\u00e7\u00f5es conferidas pelo art. 256, \u00a7 2\u00ba, do Regimento Interno prop\u00f5em a Emenda Modificativa N\u00ba 03 ao Projeto de Lei n\u00ba 041, de 29 de agosto de 2025, de autoria do Poder Executivo. <span class=\"visualHighlight\"><em><strong>Aprovada</strong></em></span></p>\r\n<p style=\"text-align: justify; \"><b><span>Autoria dos vereadores\u00a0<span>Ad\u00e3o da Madeireira, Bruno Peron, Clodoaldo, Fabiano do G\u00e1s, Marcos Nunes, Martha Maia, Paulinho, Polleyka Fraga, Regis Oliveira, Renato Lopes, Ricardo Barbosa.</span></span></b></p>\r\n<p style=\"text-align: justify; \"><span><br /></span></p>", "author_name": "", "version": "1.0", "author_url": "https://www.altoaraguaia.mt.leg.br/author/adm", "provider_name": "C\u00c2MARA MUNICIPAL DE ALTO ARAGUAIA", "type": "rich"}