{"provider_url": "https://www.altoaraguaia.mt.leg.br", "title": "Resumo da 4\u00aa Sess\u00e3o Ordin\u00e1ria - 24/02/2025.", "html": "<h2 style=\"text-align: center; \"><b><span><img src=\"https://www.altoaraguaia.mt.leg.br/imagens/copy2_of_dispensadeLicitao5.png/@@images/d41f0f6e-7e01-4097-a137-a24a1bd22372.png\" alt=\"\" class=\"image-inline\" title=\"\" /></span></b></h2>\r\n<h2 style=\"text-align: center; \"><b><span><br /></span></b></h2>\r\n<h2 style=\"text-align: center; \"><b><span>MAT\u00c9RIAS DO PODER EXECUTIVO</span></b></h2>\r\n<p style=\"text-align: justify; \">\u00a0</p>\r\n<h3 style=\"text-align: justify; \"><b><span>PROJETO NOVO</span></b></h3>\r\n<p style=\"text-align: justify; \"><b><span>\u00a0</span></b></p>\r\n<p class=\"Normal1\" style=\"text-align: justify; \"><b>PROJETO DE LEI N\u00b0 012, DE 17 DE FEVEREIRO DE 2025.</b><b> </b>\u201cDisp\u00f5e sobre a institui\u00e7\u00e3o do programa de recupera\u00e7\u00e3o fiscal (REFIS/2025), conforme especifica e d\u00e1 outras provid\u00eancias.\u201d<span class=\"visualHighlight\"><em><strong> Encaminhado em regime de tramita\u00e7\u00e3o normal.</strong></em></span></p>\r\n<p style=\"text-align: justify; \"><b><span>\u00a0</span></b></p>\r\n<h3 style=\"text-align: justify; \"><b><span>PROJETO DEVOLVIDO DAS COMISS\u00d5ES</span></b></h3>\r\n<p style=\"text-align: justify; \">\u00a0</p>\r\n<p class=\" \" style=\"text-align: justify; \"><strong>PROJETO DE LEI N\u00ba 008, DE 12 FEVEREIRO DE 2025 -\u00a0</strong>Altera dispositivos da Lei municipal n\u00ba 2.772/2011. <em><strong><span class=\"visualHighlight\">Aprovado.</span></strong></em></p>\r\n<p>\u00a0\u00a0</p>\r\n<h2 style=\"text-align: center; \"><b><span>MAT\u00c9RIAS DO PODER LEGISLATIVO</span></b></h2>\r\n<p><b><span>\u00a0</span></b></p>\r\n<h3><b><span>PROJETO NOVO</span></b></h3>\r\n<h3><b><span>\u00a0</span></b></h3>\r\n<p><b>PROJETO DO LEGISLATIVO N\u00b0 005/2025. </b><span>Disp\u00f5e sobre a cria\u00e7\u00e3o da Carteira de Identifica\u00e7\u00e3o para Portadores de Fibromialgia no munic\u00edpio de Alto Araguaia-MT. <span class=\"visualHighlight\"><em><strong>Encaminhado em regime de tramita\u00e7\u00e3o normal.</strong></em></span></span></p>\r\n<p><strong>Autoria: Marcos Nunes</strong></p>\r\n<p align=\"center\">\u00a0</p>\r\n<h3 class=\" \" style=\"text-align: justify; \">PROJETOS DEVOLVIDOS DAS COMISS\u00d5ES</h3>\r\n<p class=\" \" style=\"text-align: justify; \">\u00a0</p>\r\n<p class=\" \" style=\"text-align: justify; \"><strong>PROJETO DE LEI DO LEGISLATIVO N\u00b0 002, DE 29 DE JANEIRO DE 2025</strong>. - Institui diretrizes, Estrat\u00e9gias e a\u00e7\u00f5es para o programa de aten\u00e7\u00e3o e orienta\u00e7\u00e3o \u00e0s m\u00e3es at\u00edpicas. <span class=\"visualHighlight\"><em><strong>Aprovado</strong></em></span></p>\r\n<p style=\"text-align: justify; \"><b>\u00a0Autoria: Martha Maia</b></p>\r\n<p class=\" \" style=\"text-align: justify; \"><strong>PROJETO DE LEI DO LEGISLATIVO N\u00b0 003, DE 29 DE JANEIRO DE 2025.</strong>\u00a0- Disp\u00f5e sobre pol\u00edticas p\u00fablica municipal para garantia, prote\u00e7\u00e3o e amplia\u00e7\u00e3o dos direitos das pessoas com transtorno do Espectro Autista (TEA) e seus familiares. <span class=\"visualHighlight\"><em><strong>Aprovado</strong></em></span></p>\r\n<p class=\" \" style=\"text-align: justify; \"><strong>Autoria: Martha Maia</strong></p>\r\n<p><strong>\u00a0</strong></p>\r\n<h2><span>INDICA\u00c7\u00d5ES E REQUERIMENTOS</span></h2>\r\n<h2>\u00a0</h2>\r\n<p style=\"text-align: justify; \"><b><span>Autoria do Vereador \u2013 Bruno Peron</span></b></p>\r\n<p style=\"text-align: justify; \"><b>Indica\u00e7\u00e3o n\u00b0 020/2025 \u2013 </b><span>Indicando a necessidade de troca de piso do Gin\u00e1sio Jeronimo Samita Maia, \u201cSamit\u00e3o\u201d e de pintura na parte externa do mesmo. <span class=\"visualHighlight\"><strong><em>Lida e Encaminhada.</em></strong></span>\u00a0</span></p>\r\n<p style=\"text-align: justify; \">\u00a0</p>\r\n<p style=\"text-align: justify; \"><b><span>Autoria do Vereador Clodoaldo Fernandes</span></b></p>\r\n<p style=\"text-align: justify; \"><b>Indica\u00e7\u00e3o n\u00b0 21/2025 \u2013</b><span> Sugerindo a instala\u00e7\u00e3o de 1 (um) quebra-molas para redu\u00e7\u00e3o de velocidade na MT-100 \u2013 Trecho no sentido Alto Taquari a Alto Araguaia, pr\u00f3ximo ao local conhecido como \u201cMangueiras\u201d. <span class=\"visualHighlight\"><em><strong>Lida e Encaminhada</strong></em></span>.</span></p>\r\n<p style=\"text-align: justify; \">\u00a0</p>\r\n<p style=\"text-align: justify; \"><b><span>Autoria da Vereadora Martha Maia</span></b></p>\r\n<p style=\"text-align: justify; \"><b>Requerimento n\u00b0 007/2025 \u2013</b><span> Requerendo informa\u00e7\u00f5es detalhadas sobre os encaminhamentos para consultas, exames e cirurgias realizados pela Secretaria municipal de Sa\u00fade.<span class=\"visualHighlight\"><em><strong> Aprovado.</strong></em></span></span></p>\r\n<p style=\"text-align: justify; \"><b>Requerimento n\u00b0 008/2025 \u2013 </b><span>Requerendo que sempre que for encaminhado \u00e0 C\u00e2mara Municipal de Alto Araguaia um projeto de lei que vise alterar dispositivos de uma lei existente, seja enviado, em anexo, uma c\u00f3pia da lei que est\u00e1 sendo alterada. <span class=\"visualHighlight\"><em><strong>Aprovado.</strong></em></span></span></p>\r\n<p style=\"text-align: justify; \"><b><span>\u00a0</span></b></p>\r\n<p style=\"text-align: justify; \"><b><span>Autoria do Vereador Ricardo Barbosa</span></b></p>\r\n<p style=\"text-align: justify; \"><b>Indica\u00e7\u00e3o n\u00b0 022/2025 \u2013\u00a0 </b><span>Sugerindo a cria\u00e7\u00e3o de uma Casa Mortu\u00e1ria. </span><span class=\"visualHighlight\"><em><strong>Lida e encaminhada.</strong></em></span></p>\r\n<p style=\"text-align: justify; \">\u00a0<span>\u00a0</span></p>\r\n<p style=\"text-align: justify; \"><b><span>Autoria do Vereador Fabiano do G\u00e1s</span></b></p>\r\n<p style=\"text-align: justify; \"><b>Indica\u00e7\u00e3o n\u00b0 019/2025 \u2013 </b><span>Solicitando o planejamento e a constru\u00e7\u00e3o de um refeit\u00f3rio na escola Municipal Louren\u00e7a Afonso de Melo.<span class=\"visualHighlight\"><em><strong> Lida e encaminhada.</strong></em></span></span></p>\r\n<p style=\"text-align: justify; \"><b>Indica\u00e7\u00e3o n\u00b0 023/2025 \u2013 </b><span>Solicitando a instala\u00e7\u00e3o de ar-condicionado na sala de medica\u00e7\u00e3o da UBS Francisca Fl\u00e1vio no Parque do Cerrado. <span class=\"visualHighlight\"><em><strong>Lida e encaminhada</strong></em></span></span></p>\r\n<p style=\"text-align: justify; \"><b>Indica\u00e7\u00e3o n\u00b0 024/2025 \u2013</b><span> </span><span>Solicitar que junto a Via Brasil realize melhorias nas vias que da acesso da MT-100 a entrada da cidade e aos bairros Maria das Gra\u00e7as e Parque do cerrado. <span class=\"visualHighlight\"><em><strong>Lida e encaminhada.</strong></em></span></span></p>\r\n<p style=\"text-align: justify; \">\u00a0</p>\r\n<p style=\"text-align: justify; \"><b><span>Autoria do Vereador Renato Lopes</span></b></p>\r\n<p style=\"text-align: justify; \"><b>Requerimento\u00a0 n\u00ba 009/2025 - </b><span>Para que o DNIT (Departamento Nacional de Infraestrutura e transporte) tome provid\u00eancias e fa\u00e7a um servi\u00e7o de drenagem de \u00e1gua no per\u00edodo de chuvas na BR 364 \u2013 Nas duas entradas para o bairro Jardim Novo Araguaia. <span class=\"visualHighlight\"><em><strong>Lida e encaminhada.</strong></em></span></span></p>\r\n<p style=\"text-align: justify; \">\u00a0</p>\r\n<p style=\"text-align: justify; \"><b><span>Autoria de todos os vereadores</span></b></p>\r\n<p style=\"text-align: justify; \"><b>Requerimento n\u00ba 010/2025 </b><span>\u2013 Solicitando, aprecia\u00e7\u00e3o e decis\u00e3o do Plen\u00e1rio, para antecipa\u00e7\u00e3o da data da sess\u00e3o ordin\u00e1ria do dia 05 de mar\u00e7o de 2025 para o dia 27 de fevereiro de 2025, (quinta-feira), \u00e0s 19 horas. <span class=\"visualHighlight\"><em><strong>Lida e encaminhanda.</strong></em></span></span></p>", "author_name": "", "version": "1.0", "author_url": "https://www.altoaraguaia.mt.leg.br/author/adm", "provider_name": "C\u00c2MARA MUNICIPAL DE ALTO ARAGUAIA", "type": "rich"}