{"provider_url": "https://www.altoaraguaia.mt.leg.br", "title": "Resumo da 4\u00aa Sess\u00e3o Ordin\u00e1ria de 2024.", "html": "<h2 style=\"text-align: center; \"><b><span><img src=\"https://www.altoaraguaia.mt.leg.br/imagens/dispensadeLicitao6.png/@@images/2d5d2aab-a4d1-48f0-a45e-a6cbbacedd9e.png\" alt=\"\" class=\"image-inline\" title=\"\" /></span></b></h2>\r\n<h2 style=\"text-align: center; \"><b><span>MAT\u00c9RIAS DO PODER EXECUTIVO</span></b></h2>\r\n<p><b><span>\u00a0</span></b></p>\r\n<p style=\"text-align: justify; \"><b>Veto n\u00ba 001/2024- Veto ao Projeto de Lei do Executivo n\u00ba 071/2023 - </b>\u201cAutoriza o Executivo Municipal a repassar aos Agentes Comunit\u00e1rios de Sa\u00fade vinculados \u00e0s equipes de Sa\u00fade da Fam\u00edlia, incentivo financeiro adicional.\u201d <span class=\"visualHighlight\"><em><strong>Aprovado</strong></em></span></p>\r\n<h2 class=\"Standard\" style=\"text-align: center; \">\u00a0<b>MAT\u00c9RIAS DO PODER LEGISLATIVO</b></h2>\r\n<p><b><span>\u00a0</span></b></p>\r\n<h3><b><span></span></b><b>PROJETOS DEVOLVIDOS DAS COMISS\u00d5ES</b></h3>\r\n<p><b>\u00a0</b></p>\r\n<p style=\"text-align: justify; \"><b>PROJETO DE DECRETO LEGISLATIVO N\u00ba 001/2024 - </b>\u201cConcede o T\u00edtulo de Cidad\u00e3 Araguaiense a Sra. Marcia Silva de Freitas\u201d.<em><strong> Aprovado</strong></em></p>\r\n<p style=\"text-align: justify; \"><b>Autoria: Vereadora Odin\u00e9ia Mariana de Souza.\u00a0</b></p>\r\n<p style=\"text-align: justify; \"><b>PROJETO DE LEI DO LEGISLATIVO N\u00ba 001/2024 </b>\u2013 \u201cInstitui o Programa de Intelig\u00eancia Emocional \"Um olhar \u00e0 sa\u00fade mental\" no Munic\u00edpio de Alto Araguaia, e d\u00e1 outras provid\u00eancias\u201d.<span class=\"visualHighlight\"><strong><em> Aprovado</em></strong></span></p>\r\n<p style=\"text-align: justify; \"><b>Autoria: Vereadora Mar\u00edlia Maia Rabello Queiroz.</b></p>\r\n<p><b>\u00a0</b></p>\r\n<h2 style=\"text-align: center; \"><b></b><b>INDICA\u00c7\u00d5ES E REQUERIMENTOS</b></h2>\r\n<p><b><span>\u00a0</span></b></p>\r\n<p><strong>\u00a0Autoria do Vereador Fabiano do G\u00e1s</strong></p>\r\n<p style=\"text-align: justify; \"><b>Indica\u00e7\u00e3o n\u00ba 016/2024 </b>\u2013 \u201cSolicitando a inser\u00e7\u00e3o do munic\u00edpio ao Mapa do Turismo e que apresente um projeto de engenharia com a finalidade de viabilizar a cria\u00e7\u00e3o de um Parque Tur\u00edstico na Cachoeira Filinto Muller\u201d.</p>\r\n<p style=\"text-align: justify; \"><b>Indica\u00e7\u00e3o n\u00ba 020/2024 -</b> \u201cSolicitando a recupera\u00e7\u00e3o da pavimenta\u00e7\u00e3o asf\u00e1ltica da rotat\u00f3ria na BR-364 com a MT-100, trecho entre a rotat\u00f3ria passando pela empresa Loius Dreyfus at\u00e9 a empresa Queiroz Agro na MT-299\u201d.</p>\r\n<p style=\"text-align: justify; \"><b><span>\u00a0</span></b></p>\r\n<p style=\"text-align: justify; \"><b><span></span></b><b>Autoria do Vereador Fabiano do G\u00e1s e Diversos Vereadores</b></p>\r\n<p style=\"text-align: justify; \"><b>Requerimento n\u00ba 010/2024 \u2013 \u201c</b>Por que os Agentes de Combate a Endemia do munic\u00edpio de Alto Araguaia n\u00e3o s\u00e3o beneficiados com os repasses feitos pela Uni\u00e3o? Os Agentes de Combate \u00e0 Endemias est\u00e3o cadastrados perante o Minist\u00e9rio da Sa\u00fade? Atualmente, qual a situa\u00e7\u00e3o dos Agentes de Combate \u00e0 Endemias fora do \u00e2mbito municipal? Existe alguma pend\u00eancia concernente a regulariza\u00e7\u00e3o, cadastro dos mesmos? O que o Poder Executivo fez, ap\u00f3s a efetiva\u00e7\u00e3o dos mesmos, para torn\u00e1-los aptos aos mesmos benef\u00edcios que os Agentes de Sa\u00fade?\u201d<span class=\"visualHighlight\"><em><strong> Aprovado</strong></em></span></p>\r\n<p><b><span>\u00a0</span></b></p>\r\n<p><b><span>Autoria da Vereadora Suzana Paniago</span></b></p>\r\n<p style=\"text-align: justify; \"><b>Requerimento n\u00ba 011/2024 </b>\u2013 \u201cSolicitando informa\u00e7\u00e3o sobre a previs\u00e3o das doses de vacina contra a dengue\u201d <span class=\"visualHighlight\"><em><strong>Aprovado</strong></em></span></p>\r\n<p>\u00a0</p>\r\n<p><b><span>Autoria do Vereador Ricardo Barbosa dos Santos</span></b></p>\r\n<p style=\"text-align: justify; \"><b><span></span></b><b>Indica\u00e7\u00e3o n\u00ba 018 /2024 \u2013 </b>\u201cProceda um mutir\u00e3o de limpeza e manuten\u00e7\u00e3o dos postes de ilumina\u00e7\u00e3o no Distrito do Buriti\u201d.</p>\r\n<p style=\"text-align: justify; \"><b>Indica\u00e7\u00e3o n\u00ba 019 /2024 \u2013 </b>\u201cProceda a Instala\u00e7\u00e3o de uma ca\u00e7amba de lixo fixa na Rua Marechal Rondon, \u00e0s margens do Rio Araguaia, pr\u00f3ximo \u00e0 Esta\u00e7\u00e3o de Tratamento de Esgoto (ETE), no Bairro Gabiroba\u201d</p>\r\n<p><b><span>\u00a0</span></b></p>\r\n<p><b><span>Autoria do Vereador Marilzan Nunes Da Costa</span></b></p>\r\n<p style=\"text-align: justify; \">Indica\u00e7\u00e3o n\u00ba 021 /2024 \u2013 \u201cSolicitando servi\u00e7o de instala\u00e7\u00e3o de placas de sinaliza\u00e7\u00e3o de tr\u00e2nsito na MT 100, trecho compreendido entre trevo da MT 100 com BR 364, munic\u00edpio de Alto Araguaia at\u00e9 nas proximidades da Ponte do Ribeir\u00e3o Claro\u201d.</p>\r\n<p style=\"text-align: justify; \">\u00a0</p>\r\n<p><strong>\u00a0Autoria do Vereador Marcos Nunes</strong></p>\r\n<p class=\" \" style=\"text-align: justify; \">\u00a0<b>Indica\u00e7\u00e3o n\u00ba 022/2024 </b>\u2013 \u201cQue seja feita a implementa\u00e7\u00e3o de quebra-molas na Rua 33, no Bairro Nossa Senhora Aparecida\u201d\u00a0<em><strong></strong></em></p>\r\n<p>\u00a0</p>\r\n<p><b>Autoria da Vereadora Mariana de Souza</b></p>\r\n<p style=\"text-align: justify; \"><b>Indica\u00e7\u00e3o n\u00ba 017/2024 </b>\u2013<b><i> </i></b>\u201cSugerindo que o poder p\u00fablico fa\u00e7a parceria com o <b>SENAI </b>para oferecer curso de marketing e propaganda para as mulheres empreendedoras de Alto Araguaia-MT\u201d.</p>\r\n<p><b>\u00a0</b></p>\r\n<p><b>No tema livre foi entregue \u00e0 empreendedora Marcia Silva de Freitas,\u00a0 o T\u00edtulo de Cidad\u00e3 Araguaiense, como forma de agradecimento pela sua participa\u00e7\u00e3o no desenvolvimento de nosso munic\u00edpio.</b></p>", "author_name": "", "version": "1.0", "author_url": "https://www.altoaraguaia.mt.leg.br/author/adm", "provider_name": "C\u00c2MARA MUNICIPAL DE ALTO ARAGUAIA", "type": "rich"}