{"provider_url": "https://www.altoaraguaia.mt.leg.br", "title": "Resumo da 6\u00aa Sess\u00e3o Ordin\u00e1ria de 2025.", "html": "<p style=\"text-align: justify; \">Nesta segunda-feira (10/03/2025),\u00a0<span>durante a 6\u00aa sess\u00e3o ordin\u00e1ria e 1\u00aa sess\u00e3o solene,</span>\u00a0a\u00a0<span><strong>C\u00e2mara Municipal de Alto Araguaia</strong> realizou uma celebra\u00e7\u00e3o especial em <strong>homenagem ao Dia Internacional da Mulher</strong> e \u00e0 conquista do voto feminino. </span></p>\r\n<p style=\"text-align: justify; \"><span>O evento contou com a participa\u00e7\u00e3o do Pastor H\u00e9ber Marques de Souza, da Igreja Presbiteriana, que fez a abertura das solenidades, louvando e aben\u00e7oando a todos presentes, e do palestrante Wesley Barbosa Thereza, conhecido como Bel, que abordou o tema \"Mulheres Fortes, mas Leves\". </span></p>\r\n<p style=\"text-align: justify; \"><span>Ap\u00f3s a palestra, foram entregues homenagens, incluindo flores e certificados, as ex-primeiras-damas Elcione Menezes da Silva e Priscila Dourado\u00a0 Martins e a ex-prefeita Noemia Presser Niedermeier.\u00a0 \u00a0 \u00a0 \u00a0 \u00a0 \u00a0 \u00a0 \u00a0 \u00a0 \u00a0 \u00a0 \u00a0 \u00a0 \u00a0 \u00a0 \u00a0 \u00a0</span></p>\r\n<p style=\"text-align: center; \"><span>\u00a0</span><img src=\"https://www.altoaraguaia.mt.leg.br/imagens/5082733314372119915.jpg/@@images/9bb63f77-dd27-45e7-864f-82a0f67dd20a.jpeg\" alt=\"\" class=\"image-inline\" title=\"\" /></p>\r\n<p style=\"text-align: justify; \">\u00a0</p>\r\n<p style=\"text-align: justify; \"><span>As conselheiras tutelares Eluze Kaline da Concei\u00e7\u00e3o, Cl\u00e1udia Parula Moreira, Ivoneide Garcia Paes, Emily Karolina Baptista Paes e Zelia Regina Da Silva Cizilio.</span></p>\r\n<p style=\"text-align: center; \"><span><img src=\"https://www.altoaraguaia.mt.leg.br/imagens/5080109716419489044.jpg/@@images/b1b5b0a9-8471-49e9-9c27-f5cd109372f2.jpeg\" alt=\"\" class=\"image-inline\" title=\"\" /></span></p>\r\n<p style=\"text-align: center; \">\u00a0</p>\r\n<p style=\"text-align: justify; \"><span>As ex-vereadoras e atuais vereadoras Odin\u00e9ia Mariana de Souza, Mar\u00edlia Maia Rabello Queiroz, Suzana Paniago Mendes, Rosimeiry Lopes de Souza, Nelcy Pio Peron, Maria Luiza de Oliveira Machado, K\u00e1tia Simone Borges M. de Almeida, Martha Silvia Zaiden Maia Brand\u00e3o e\u00a0 Polleyka Fraga dos Santos</span></p>\r\n<p style=\"text-align: center; \"><img src=\"https://www.altoaraguaia.mt.leg.br/imagens/5082733314372119917.jpg/@@images/860436b7-0a7d-47a7-a147-3833a47023fd.jpeg\" style=\"text-align: center; \" title=\"\" class=\"image-inline\" alt=\"\" /></p>\r\n<p style=\"text-align: justify; \"><span>Homenagem in memorian \u00e0s ex-vereadoras Maria da Gl\u00f3ria F\u00e1vero, Dina Thereza Hugueney e Jeronima Maria Ferreira, representadas respectivamente por Nadia Paes Ferreira (sobrinha), Lilian Nair Hugueney Almeida Rezende (filha) e Izabel Cristina da Silva Teixeira (sobrinha).</span></p>\r\n<p style=\"text-align: center; \"><img src=\"https://www.altoaraguaia.mt.leg.br/imagens/5082733314372119918.jpg/@@images/1f11ca1f-0c49-4dc2-86fc-f4ccfca22aef.jpeg\" alt=\"\" class=\"image-inline\" title=\"\" /></p>\r\n<p style=\"text-align: justify; \"><span><br /></span></p>\r\n<p style=\"text-align: justify; \"><span>\u00a0</span><span>E a todas as servidoras da C\u00e2mara Municipal de Alto Araguaia.</span></p>\r\n<p style=\"text-align: center; \"><img src=\"https://www.altoaraguaia.mt.leg.br/imagens/5082733314372119895.jpg/@@images/a0d88a08-fb78-4529-9cf3-de8ffc251a65.jpeg\" alt=\"\" class=\"image-inline\" title=\"\" /></p>\r\n<p style=\"text-align: center; \"><span style=\"text-align: justify; \"><br /></span></p>\r\n<p style=\"text-align: justify; \"><span style=\"text-align: justify; \">O vereadores tamb\u00e9m tiveram a oportunidade de homenagear as mulheres que s\u00e3o importantes e especiais em suas vidas.\u00a0</span><span style=\"text-align: justify; \">Foi um momento de reconhecimento e celebra\u00e7\u00e3o das contribui\u00e7\u00f5es das mulheres na sociedade e especialmente em nossa cidade!</span></p>", "author_name": "", "version": "1.0", "author_url": "https://www.altoaraguaia.mt.leg.br/author/adm", "provider_name": "C\u00c2MARA MUNICIPAL DE ALTO ARAGUAIA", "type": "rich"}