{"provider_url": "https://www.altoaraguaia.mt.leg.br", "title": "Resumo da 6\u00aa Sess\u00e3o Ordin\u00e1ria de 2026.", "html": "<p>\u00a0</p>\r\n<p style=\"text-align: center; \">\u00a0<img src=\"https://www.altoaraguaia.mt.leg.br/imagens/copy3_of_Resumo33.png/@@images/f146b990-6b0c-48e7-9c08-83f7521f3295.png\" alt=\"\" class=\"image-inline\" title=\"\" /></p>\r\n<p style=\"text-align: center; \">\u00a0</p>\r\n<h2 style=\"text-align: center; \">MATERIAS DO PODER EXECUTIVO</h2>\r\n<p style=\"text-align: justify; \">\u00a0</p>\r\n<h3 style=\"text-align: justify; \">PROJETOS NOVOS</h3>\r\n<p>\u00a0</p>\r\n<p style=\"text-align: justify; \"><strong>Projeto de Lei n\u00ba09/2026</strong> -\u00a0<span>Autoriza a celebra\u00e7\u00e3o de conv\u00eanio com o Rotary Clube de Santa Rita do Araguaia/Alto Araguaia, para a implanta\u00e7\u00e3o de uma sala multissensorial no centro de reabilita\u00e7\u00f5es deste munic\u00edpio. <span class=\"visualHighlight discreet\"><em><strong>Encaminhado em regime de tramita\u00e7\u00e3o normal</strong></em></span></span></p>\r\n<p style=\"text-align: justify; \"><span><strong>Projeto de Lei n\u00ba10/2026</strong> -\u00a0<span>Disp\u00f5e sobre cria\u00e7\u00e3o do Cargo de Agente Municipal de Tr\u00e2nsito, altera os Anexos I e IX da Lei Municipal n\u00ba 2742/2010, e d\u00e1 outras provid\u00eancias.<span class=\"discreet visualHighlight\"><em><strong>Encaminhado em regime de tramita\u00e7\u00e3o normal</strong></em></span></span></span></p>\r\n<p style=\"text-align: justify; \"><span><span><br /></span></span></p>\r\n<h2 style=\"text-align: center; \"><span><span>MATERIAS DO PODER LEGISLATIVO</span></span></h2>\r\n<p style=\"text-align: justify; \"><span><span><br /></span></span></p>\r\n<h3><strong>PROJETO DEVOLVIDO DAS COMISS\u00d5ES</strong></h3>\r\n<p style=\"text-align: justify; \">\u00a0</p>\r\n<p style=\"text-align: justify; \"><strong>Autoria vereadora Polleyka Fraga</strong></p>\r\n<p style=\"text-align: justify; \"><strong>Projeto de Lei n\u00ba02/2026</strong> -\u00a0<span>O presente Projeto de Lei tem como objetivo promover a conscientiza\u00e7\u00e3o durante a Semana de Combate \u00e0 Viol\u00eancia contra a Mulher nas Escolas do Munic\u00edpio de Alto Araguaia, conforme j\u00e1 est\u00e1 sendo realizado em diversos Munic\u00edpios do Estado de Mato Grosso. <span class=\"visualHighlight discreet\"><em><strong>Aprovado</strong></em></span></span></p>\r\n<p style=\"text-align: justify; \">\u00a0</p>\r\n<h2 style=\"text-align: center; \"><span>INDICA\u00c7\u00d5ES E REQUERIMENTO</span></h2>\r\n<p style=\"text-align: justify; \"><span><br /></span></p>\r\n<p style=\"text-align: justify; \"><strong>Autoria vereador Ricardo Barbosa\u00a0</strong></p>\r\n<p style=\"text-align: justify; \"><strong>Indica\u00e7\u00e3o n\u00ba020/2026</strong> -\u00a0<span>Solicitando a retirada dos restos de fios de internet deixados pelas empresas respons\u00e1veis pelo servi\u00e7o, que permanecem pendurados nos postes de energia el\u00e9trica em diversos pontos da cidade. <span class=\"visualHighlight discreet\"><em><strong>Lida e encaminhada</strong></em></span></span></p>\r\n<p style=\"text-align: justify; \">\u00a0</p>\r\n<p style=\"text-align: justify; \"><strong>Autoria vereadora Polleyka Fraga</strong></p>\r\n<p style=\"text-align: justify; \"><strong>Indica\u00e7\u00e3o n\u00ba021/2026</strong> -\u00a0<span>Solicito a possibilidade de viabilizar as Telas Toldos para atender a necessidade dos Feirantes da Feira Livre Benno Ubaldo Presser.\u00a0<span class=\"visualHighlight discreet\"><em><strong>Lida e encaminhada</strong></em></span></span></p>\r\n<p style=\"text-align: justify; \"><span><br /></span></p>\r\n<p style=\"text-align: justify; \"><strong>Autoria vereador Regis Oliveira</strong></p>\r\n<p style=\"text-align: justify; \"><span><em><strong>Requerimento n\u00ba08/2026</strong></em> -\u00a0<span>\u201cRequerendo informa\u00e7\u00f5es sobre emenda parlamentar no valor de R$ 200.000,00 para o munic\u00edpio de Alto Araguaia \u2013 MT.\u201d\u00a0</span></span><span class=\"discreet visualHighlight\"><em><strong>Lida e encaminhada</strong></em></span></p>\r\n<p style=\"text-align: justify; \"><span><br /></span></p>\r\n<p style=\"text-align: justify; \"><strong>Autoria vereador Marcos Nunes</strong></p>\r\n<p style=\"text-align: justify; \"><strong>Indica\u00e7\u00e3o n\u00ba022/2026</strong> - Q<span>ue seja realizada uma reforma completa no pr\u00e9dio da Universidade Aberta do Brasil (UAB).\u00a0<span class=\"discreet visualHighlight\"><em><strong>\u00a0Lida e encaminhada</strong></em></span></span></p>\r\n<p><span>\u00a0</span></p>", "author_name": "", "version": "1.0", "author_url": "https://www.altoaraguaia.mt.leg.br/author/adm", "provider_name": "C\u00c2MARA MUNICIPAL DE ALTO ARAGUAIA", "type": "rich"}