{"provider_url": "https://www.altoaraguaia.mt.leg.br", "title": "Resumo da 7\u00aa Sess\u00e3o Ordin\u00e1ria - 18/03/2025.", "html": "<h2 style=\"text-align: center; \"><img src=\"https://www.altoaraguaia.mt.leg.br/imagens/copy2_of_dispensadeLicitao10.png/@@images/4c52cb2d-bb28-4493-84cf-32831f9b5953.png\" alt=\"\" class=\"image-inline\" title=\"\" /></h2>\r\n<h2 style=\"text-align: center; \"></h2>\r\n<h2 style=\"text-align: center; \"></h2>\r\n<h2 style=\"text-align: center; \">MAT\u00c9RIAS DO PODER EXECUTIVO</h2>\r\n<p>\u00a0</p>\r\n<h3>PROJETOS NOVOS</h3>\r\n<p>\u00a0</p>\r\n<p style=\"text-align: justify; \"><strong>Projeto de Lei Ordin\u00e1ria n\u00ba 13/2025</strong> -\u00a0Institui o Conselho Municipal de Esporte e Lazer e cria o Fundo Municipal de Esporte e Lazer, e d\u00e1 outras provid\u00eancias. <span class=\"visualHighlight\"><strong><em>Encaminhado \u00e0s comiss\u00f5es em regime de urg\u00eancia simples.</em></strong></span></p>\r\n<p style=\"text-align: justify; \"><strong>Projeto de Lei Ordin\u00e1ria</strong> <strong>n\u00ba 14/2025 -\u00a0</strong>Disp\u00f5e sobre o parcelamento/ reparcelamento de d\u00e9bitos do Munic\u00edpio de Alto Araguaia com seu Regime Pr\u00f3prio de Previd\u00eancia Social \u2013 RPPS.\u00a0<span class=\"visualHighlight\"><em><strong>Encaminhado \u00e0s comiss\u00f5es em regime de urg\u00eancia simples.</strong></em></span></p>\r\n<p style=\"text-align: justify; \"><strong>Projeto de Lei Ordin\u00e1ria n\u00ba 15/2025</strong>\u00a0-\u00a0Regulamenta o regime de plant\u00e3o das Farm\u00e1cias e Drogarias no \u00e2mbito do munic\u00edpio de Alto Araguaia - MT.\u00a0<span class=\"visualHighlight\"><em><strong>Encaminhado \u00e0s comiss\u00f5es em regime de urg\u00eancia simples.</strong></em></span></p>\r\n<p style=\"text-align: justify; \"><strong>Projeto de Lei Ordin\u00e1ria n\u00ba 16/2025 -\u00a0</strong>Altera dispositivos da Lei municipal n\u00ba 2.742/2010.<span class=\"visualHighlight\"><em><strong> Aprovado em\u00a0 regime de urg\u00eancia especial.</strong></em></span></p>\r\n<p style=\"text-align: justify; \"><strong>Projeto de Lei Ordin\u00e1ria n\u00ba 17/2025</strong> -\u00a0Autoriza o munic\u00edpio de Alto Araguaia a aderir ao Cons\u00f3rcio Interfederativo de Compras P\u00fablicas do Estado de Mato Grosso e d\u00e1 outras provid\u00eancias.\u00a0<span class=\"visualHighlight\"><em><strong>Aprovado em\u00a0 regime de urg\u00eancia especial.</strong></em></span></p>\r\n<p>\u00a0</p>\r\n<h3>PROJETOS DEVOLVIDO DAS COMISS\u00d5ES</h3>\r\n<p style=\"text-align: justify; \">\u00a0</p>\r\n<p style=\"text-align: justify; \"><strong> Projeto de Lei do Executivo n\u00ba 12/2025</strong> -\u00a0\u201c<span>Disp\u00f5e sobre a institui\u00e7\u00e3o do programa de recupera\u00e7\u00e3o fiscal (REFIS/2025), conforme especifica e d\u00e1 outras provid\u00eancias.\u201d <span class=\"visualHighlight\"><strong><em>Aprovado.</em></strong></span></span></p>\r\n<p style=\"text-align: justify; \"><span><strong>Projeto de Lei do Legislativo n\u00ba 5/2025</strong> -\u00a0\u201cDisp\u00f5e sobre a cria\u00e7\u00e3o da Carteira de Identifica\u00e7\u00e3o para Portadores de Fibromialgia no munic\u00edpio de Alto Araguaia-MT.\u201d <span class=\"visualHighlight\"><em><strong>Aprovado.</strong></em></span></span></p>\r\n<p style=\"text-align: justify; \"><strong><span>Autor: Marcos Nunes</span></strong></p>\r\n<p style=\"text-align: justify; \"><strong><span><br /></span></strong></p>\r\n<h2 style=\"text-align: center; \"><strong><span>INDICA\u00c7\u00d5ES / MO\u00c7\u00c3O / REQUERIMENTOS</span></strong></h2>\r\n<p style=\"text-align: left; \">\u00a0</p>\r\n<p style=\"text-align: left; \"><b>Vereadora Martha Maia</b></p>\r\n<p style=\"text-align: justify; \"><strong><span> Mo\u00e7\u00e3o de Congratula\u00e7\u00f5es e Aplausos n\u00ba3/2025 -\u00a0</span></strong><strong>\u00a0</strong>Mo\u00e7\u00e3o de aplausos ao Padre Jhonatha Almeida da Silva e aos 180 volunt\u00e1rios que auxiliaram no evento do Acampamento FAC \u2013 Forma\u00e7\u00e3o para Adolescentes Crist\u00e3os que aconteceu nos dias 28 de fevereiro e 3 de mar\u00e7o de 2025. <span class=\"visualHighlight\"><em><strong>Aprovada</strong></em></span>.</p>\r\n<p style=\"text-align: justify; \"><strong>Requerimento n\u00ba 14/2025</strong> -\u00a0Requer informa\u00e7\u00f5es detalhadas sobre o estado e a utiliza\u00e7\u00e3o de ve\u00edculos e equipamentos pertencentes \u00e0 Prefeitura Municipal de Alto Araguaia. <span class=\"visualHighlight\"><em><strong>Aprovado</strong></em></span>.</p>\r\n<p style=\"text-align: justify; \"><strong>Requerimento n\u00ba 15/2025</strong> -\u00a0Requer a lista completa e informa\u00e7\u00f5es detalhadas acerca dos ve\u00edculos alugados pela Prefeitura Municipal no ano de 2024 at\u00e9 a presente data. <span class=\"visualHighlight\"><em><strong>Aprovado.</strong></em></span></p>\r\n<p style=\"text-align: justify; \">\u00a0</p>\r\n<p style=\"text-align: justify; \"><strong>Vereadora Polleyka Fraga</strong></p>\r\n<p style=\"text-align: justify; \"><strong>Indica\u00e7\u00e3o n\u00ba 35/2025 -</strong>\u00a0\u201cSolicitando a implementa\u00e7\u00e3o de bra\u00e7os de ilumina\u00e7\u00e3o, nos postes localizados nas ruas que permitem o acesso ao bairro maria das gra\u00e7as, no parque do cerrado.\u201d\u00a0<span class=\"visualHighlight\"><em><strong>Lida e encaminhada.</strong></em></span></p>\r\n<p style=\"text-align: justify; \"><strong>Indica\u00e7\u00e3o n\u00ba 36/2025 -\u00a0</strong>\u201cSolicitando a isen\u00e7\u00e3o do alvar\u00e1 de funcionamento das institui\u00e7\u00f5es filantr\u00f3picas, APAE e o LAR TIA NEGA.\u00a0<span>Lida e encaminhada.\u00a0<em><strong><span class=\"visualHighlight\">Lida e encaminhada.</span></strong></em></span></p>\r\n<p style=\"text-align: justify; \">\u00a0</p>\r\n<p style=\"text-align: justify; \"><strong>Vereador Fabiano do G\u00e1s</strong></p>\r\n<p style=\"text-align: justify; \"><strong>Indica\u00e7\u00e3o n\u00ba38/2025 -</strong>\u00a0\u201cSolicitar que o poder executivo entre em contato com o DNIT para que seja realizado um projeto or\u00e7ament\u00e1rio, afim de buscar emendas para apoio na execu\u00e7\u00e3o, com a finalidade que seja realizado a implanta\u00e7\u00e3o do sem\u00e1foro no cruzamento da Avenida Carlos Hugueney com a Rua Jer\u00f4nimo Samita Maia\u201d. <span class=\"visualHighlight\"><em><strong>Lida e encaminhada.</strong></em></span></p>\r\n<p style=\"text-align: justify; \"><strong>Indica\u00e7\u00e3o n\u00ba 38/2025 -</strong>\u00a0\u201cSugerindo aquisi\u00e7\u00e3o de um drone pulverizador para atuar no combate \u00e0 dengue\u201d. \u00a0<span class=\"visualHighlight\"><em><strong>Lida e encaminhada.</strong></em></span></p>\r\n<p style=\"text-align: justify; \"><span><br /></span></p>\r\n<p style=\"text-align: justify; \"><strong>Vereador Renato Lopes</strong></p>\r\n<p style=\"text-align: justify; \"><strong>Indica\u00e7\u00e3o n\u00ba 39/2025 -</strong>\u00a0Sugerindo a necessidade de estender at\u00e9 o bairro Jardim Novo Araguaia, pr\u00e1ticas esportivas para crian\u00e7as e adolescente do bairro.<span class=\"visualHighlight\"><em><strong>\u00a0Lida e encaminhada.</strong></em></span></p>\r\n<p style=\"text-align: justify; \">\u00a0</p>\r\n<p style=\"text-align: justify; \"><strong>Vereador Ad\u00e3o da Madeireira</strong></p>\r\n<p style=\"text-align: justify; \"><strong>Indica\u00e7\u00e3o n\u00ba 40/2025 -</strong>\u00a0Indicar a constru\u00e7\u00e3o de pista de ciclovia, localizada ao fim da Rua Jer\u00f4nimo Samita Maia (sentido sa\u00edda para Alto Taquari-MT) at\u00e9 o parque de exposi\u00e7\u00e3o de Alto Araguaia.\u00a0<span class=\"visualHighlight\"><em><strong>Lida e encaminhada.</strong></em></span></p>\r\n<p>\u00a0</p>\r\n<p style=\"text-align: left; \"><strong><span><br /></span></strong></p>", "author_name": "", "version": "1.0", "author_url": "https://www.altoaraguaia.mt.leg.br/author/adm", "provider_name": "C\u00c2MARA MUNICIPAL DE ALTO ARAGUAIA", "type": "rich"}