{"provider_url": "https://www.altoaraguaia.mt.leg.br", "title": "Resumo da 7\u00aa Sess\u00e3o Ordin\u00e1ria de 2024", "html": "<p align=\"center\"><b><span>\u00a0<img src=\"https://www.altoaraguaia.mt.leg.br/imagens/dispensadeLicitao10.png/@@images/1eba862d-5cff-43a1-9b93-4a4ae91986b7.png\" alt=\"\" class=\"image-inline\" title=\"\" /></span></b></p>\r\n<h2 style=\"text-align: center; \"><b><span>MAT\u00c9RIA DO PODER EXECUTIVO</span></b></h2>\r\n<p><b>\u00a0</b><b>\u00a0</b></p>\r\n<h3><b>PROJETO DEVOLVIDO DAS COMISS\u00d5ES </b></h3>\r\n<p class=\"ementa\"><b>\u00a0</b></p>\r\n<p class=\"ementa\" style=\"text-align: justify; \"><b>PROJETO DE LEI DO EXECUTIVO N\u00ba 008/2024 -</b> \u201cAltera dispositivos das Leis Municipais 2.742/2010 e 2.473/2010.\u201d <span class=\"visualHighlight\"><em><strong>Aprovado com 7 votos favor\u00e1veis e 3 votos contr\u00e1rios.</strong></em></span></p>\r\n<p align=\"center\"><b>\u00a0</b></p>\r\n<h2 style=\"text-align: center; \"><b><span>MAT\u00c9RIA DO PODER LEGISLATIVO</span></b></h2>\r\n<p><b><span>\u00a0</span></b></p>\r\n<h3><b><span>PROJETOS NOVO</span></b></h3>\r\n<h3><b>\u00a0</b></h3>\r\n<p style=\"text-align: justify; \"><b>PROJETO DE DECRETO LEGISLATIVO N\u00ba 003/2024 - </b>\u201cConcede T\u00edtulo de Cidad\u00e3o Araguaiense ao Sr. Jo\u00e3o Jos\u00e9 Alencar.\u201d\u00a0<span class=\"visualHighlight\"><em><b>Encaminhado em regime de tramita\u00e7\u00e3o normal.</b></em></span></p>\r\n<p style=\"text-align: justify; \"><b>Autoria do Vereador Ricardo Barbosa dos Santos.\u00a0</b><b></b></p>\r\n<p style=\"text-align: justify; \"><b><span>\u00a0</span></b><b>PROJETO DE LEI DO LEGISLATIVO N\u00ba 003/2024 - </b>\u201cDisp\u00f5e sobre o prazo de validade do Laudo M\u00e9dico que atesta o Transtorno do Espectro Autista \u2013 TEA, Defici\u00eancias Espec\u00edficas, e d\u00e1 outras provid\u00eancias\u201d. \u00a0<span class=\"visualHighlight\"><em><b>Encaminhado em regime de tramita\u00e7\u00e3o normal.</b></em></span></p>\r\n<p style=\"text-align: justify; \"><b>Autoria da Vereadora Mariana de Souza.</b></p>\r\n<p>\u00a0</p>\r\n<h2 style=\"text-align: center; \"><b><span>\u00a0</span></b><b>INDICA\u00c7\u00d5ES/REQUERIMENTO</b></h2>\r\n<p>\u00a0</p>\r\n<p><b><span>Autoria dos Vereadores Silvio Maia, Suzana Paniago e Fabiano do G\u00e1s</span></b></p>\r\n<p style=\"text-align: justify; \"><b>\u00a0</b><b>Indica\u00e7\u00e3o n\u00ba 032/2024 </b>\u2013<b> </b>\u201cSolicitando que a regula\u00e7\u00e3o da Secretaria Municipal de Sa\u00fade de Alto de Araguaia passe a atender os pacientes em per\u00edodo integral.\u201d</p>\r\n<p style=\"text-align: justify; \">\u00a0<b>Indica\u00e7\u00e3o n\u00ba 033/2024 </b>\u2013 \u201cSolicitando a contrata\u00e7\u00e3o de um m\u00e9dico ortopedista para atuar no Hospital Municipal Dep. Cacildo Hugueney em Alto Araguaia/MT.\u201d</p>\r\n<p style=\"text-align: justify; \">\u00a0</p>\r\n<p style=\"text-align: justify; \"><strong>Autoria Vereadora Odin\u00e9ia Mariana de Souza</strong></p>\r\n<p style=\"text-align: justify; \"><strong>Requerimento n\u00ba 014/2024 </strong>- \" Solicitando ao Poder Executivo, que tome as medidas cab\u00edveis, em rela\u00e7\u00e3o ao abastecimento de \u00e1gua no Distrito do Buriti.\"</p>\r\n<p style=\"text-align: justify; \"><b><span><br /></span></b></p>\r\n<p style=\"text-align: justify; \"><b><span>T</span></b><b>EMA LIVRE</b></p>\r\n<p style=\"text-align: justify; \"><strong>Na ocasi\u00e3o, o Assessor Parlamentar Federal,\u00a0</strong><b>Sr. Marco Aur\u00e9lio Carvalho Barros, recebeu \"Mo\u00e7\u00e3o de Aplausos\", em homenagem a todo seu apoio p\u00fablico, para com a cidade de Alto Araguaia.</b></p>", "author_name": "", "version": "1.0", "author_url": "https://www.altoaraguaia.mt.leg.br/author/adm", "provider_name": "C\u00c2MARA MUNICIPAL DE ALTO ARAGUAIA", "type": "rich"}