{"provider_url": "https://www.altoaraguaia.mt.leg.br", "title": "Resumo da 8\u00aa Sess\u00e3o Ordin\u00e1ria - 24/03/2025.", "html": "<h2 style=\"text-align: center; \"><strong><img src=\"https://www.altoaraguaia.mt.leg.br/imagens/dispensadeLicitao48.png/@@images/411fa263-0452-4e2d-9edb-bfa0be74bf5e.png\" alt=\"\" class=\"image-inline\" title=\"\" /></strong></h2>\r\n<h2 style=\"text-align: center; \"><strong><br /></strong></h2>\r\n<h2 style=\"text-align: center; \"><strong>MAT\u00c9RIAS DO PODER EXECUTIVO</strong></h2>\r\n<p>\u00a0</p>\r\n<h2 style=\"text-align: center; \">PROJETOS DEVOLVIDOS DAS COMISS\u00d5ES</h2>\r\n<p>\u00a0</p>\r\n<p style=\"text-align: justify; \"><strong>Projeto de Lei n\u00ba 13/2025\u00a0-</strong> \"<span>Institui o Conselho Municipal de Esporte e Lazer e cria o Fundo Municipal de Esporte e Lazer, e d\u00e1 outras provid\u00eancias.\" <span class=\"visualHighlight\"><em><strong>Aprovado</strong></em></span></span></p>\r\n<p style=\"text-align: justify; \"><span><strong>Projeto de Lei n\u00ba 14/2025 -</strong> \"<span>Disp\u00f5e sobre o parcelamento/reparcelamento de d\u00e9bitos do Munic\u00edpio de Alto Araguaia com seu Regime Pr\u00f3prio de Previd\u00eancia Social \u2013 RPPS.\" <span class=\"visualHighlight\"><em><strong>Aprovado</strong></em></span></span></span></p>\r\n<h2></h2>\r\n<h2 class=\"mceContentBody documentContent template-newsitem_view portaltype-news-item site-portal section-institucional subsection-noticias subsection-noticias-portal_factory subsection-noticias-portal_factory-News Item icons-on userrole-owner userrole-member userrole-manager userrole-authenticated\" style=\"text-align: center; \">MAT\u00c9RIAS DO PODER LEGISLATIVO</h2>\r\n<p><span><span><span class=\"visualHighlight\"><em><strong><br /></strong></em></span></span></span></p>\r\n<h3>REQUERIMENTO E INDICA\u00c7\u00d5ES</h3>\r\n<p>\u00a0</p>\r\n<p style=\"text-align: justify; \"><b>Vereadora Martha Maia</b></p>\r\n<p style=\"text-align: justify; \"><strong>Requerimento n\u00ba 16/2025\u00a0-</strong>\u00a0<span>Requer que seja solicitado ao Executivo Municipal informa\u00e7\u00f5es detalhadas sobre as reformas das seguintes escolas: E. E. Arlinda Pessoa Morbeck, E. E. Plena Carlos Hugueney e Escola Municipal Adalcy Da Concei\u00e7\u00e3o Rodrigues. <span class=\"visualHighlight\"><em><strong>Rejeitado</strong></em></span></span></p>\r\n<p style=\"text-align: justify; \"><span><br /></span></p>\r\n<p style=\"text-align: justify; \"><strong>Vereador Regis Oliveira</strong></p>\r\n<p style=\"text-align: justify; \"><strong>Indica\u00e7\u00e3o n\u00ba 41/2025 -\u00a0</strong>\u201cSugerindo que conceda isen\u00e7\u00e3o aos moradores residentes nas regi\u00f5es lim\u00edtrofes ao ped\u00e1gio, em especial a comunidade de agricultores, familiares e moradores do Recanto do Boiadeiro\u201d. <span class=\"visualHighlight\"><em><strong>Lida e encaminhada.</strong></em></span></p>\r\n<p style=\"text-align: justify; \"><strong>Indica\u00e7\u00e3o n\u00ba 43/2025 -</strong>\u00a0\u201cSugerindo que seja feita uma limpeza na Escola Municipal Anibal Pereira Junior, na Rodovia MT 481 / KM 30 \u2013 Regi\u00e3o Gato Preto \u2013 Zona Rural \u2013 Alto Araguaia - MT.\u201d\u00a0<span class=\"visualHighlight\"><em><strong>Lida e encaminhada.</strong></em></span></p>\r\n<p style=\"text-align: justify; \"><span class=\"visualHighlight\">\u00a0</span></p>\r\n<p style=\"text-align: justify; \"><strong>Vereadora Pollleyka Fraga</strong></p>\r\n<p style=\"text-align: justify; \"><strong>Indica\u00e7\u00e3o n\u00ba 42/2025 - </strong>\"Solicitando a implementa\u00e7\u00e3o de uma balan\u00e7a pedi\u00e1trica no PSF Francisca, do bairro Maria das gra\u00e7as.\u201d\u00a0<span class=\"visualHighlight\"><em><strong>Lida e encaminhada.</strong></em></span></p>\r\n<p style=\"text-align: justify; \">\u00a0</p>\r\n<p style=\"text-align: justify; \"><strong>Vereador Paulinho</strong></p>\r\n<p style=\"text-align: justify; \"><strong>Indica\u00e7\u00e3o n\u00ba 45/2025 -</strong> \"<span>A reforma do ponto de \u00f4nibus na Rua 21 / Jo\u00e3o Fraga.\"\u00a0<span class=\"visualHighlight\"><em><strong>Lida e encaminhada.</strong></em></span></span></p>\r\n<p style=\"text-align: justify; \"><span><br /></span></p>\r\n<p style=\"text-align: justify; \"><strong>Vereador Ad\u00e3o da Madeireira</strong></p>\r\n<p style=\"text-align: justify; \"><span><span><strong>Indica\u00e7\u00e3o n\u00ba46/2025 -</strong> \"Seja realizada a reforma do asfalto no trecho da MT 299, saindo da rotat\u00f3ria KM 13, BR 364 at\u00e9 a entrada da empresa Louis Dreyfus, em torno de 300 a 400 metros.\"\u00a0<span class=\"visualHighlight\"><em><strong>Lida e encaminhada.</strong></em></span>\u00a0</span></span></p>\r\n<p style=\"text-align: justify; \"><span><br /></span></p>\r\n<p style=\"text-align: justify; \"><strong>Vereador Marcos Nunes\u00a0</strong></p>\r\n<p style=\"text-align: justify; \"><span><strong>Indica\u00e7\u00e3o n\u00ba44/2025 -</strong> \"<span>Solicitando a limpeza do terreno baldio localizado na Rua Leoc\u00e1dio Ribeiro Teles no Setor Aeroporto.\"<span class=\"visualHighlight\">\u00a0<em><strong>Lida e encaminhada.</strong></em></span></span></span></p>", "author_name": "", "version": "1.0", "author_url": "https://www.altoaraguaia.mt.leg.br/author/adm", "provider_name": "C\u00c2MARA MUNICIPAL DE ALTO ARAGUAIA", "type": "rich"}