{"provider_url": "https://www.altoaraguaia.mt.leg.br", "title": "Resumo da 9\u00aa Sess\u00e3o Ordin\u00e1ria de 2025.", "html": "<h2 style=\"text-align: center; \"><img src=\"https://www.altoaraguaia.mt.leg.br/imagens/copy2_of_dispensadeLicitao13.png/@@images/7e9ed0d6-36c8-467a-b972-d454c5910159.png\" alt=\"\" class=\"image-inline\" title=\"\" /></h2>\r\n<h2 style=\"text-align: center; \"></h2>\r\n<h2 style=\"text-align: center; \">MATERIAS DO PODER EXECUTIVO</h2>\r\n<p>\u00a0</p>\r\n<h3 style=\"text-align: justify; \">PROJETOS NOVOS</h3>\r\n<p>\u00a0</p>\r\n<p style=\"text-align: justify; \"><span><strong>Projeto de Lei n\u00ba 18/2025 -</strong>\u00a0<span>Altera dispositivos da Lei Municipal n\u00ba 1.839, de 21 de junho de 2005. <span class=\"visualHighlight\"><em><strong>Encaminhado em regime de tramita\u00e7\u00e3o normal.</strong></em></span></span></span></p>\r\n<p style=\"text-align: justify; \"><span><span><span><strong>Projeto de Lei\u00a0 n\u00ba 19/2025 -\u00a0</strong><span>Revoga dispositivo da Lei Municipal n\u00ba 288, de 30 de novembro de 1978.\u00a0<span class=\"visualHighlight\"><em><strong>Encaminhado em regime de tramita\u00e7\u00e3o normal.</strong></em></span></span></span></span></span></p>\r\n<p style=\"text-align: center; \"><span><span><span><span><br /></span></span></span></span></p>\r\n<h2 style=\"text-align: center; \"><span><span><span><span>MAT\u00c9RIAS DO PODER LEGISLATIVO</span></span></span></span></h2>\r\n<h2><span><span><span><span><br /></span></span></span></span></h2>\r\n<h3><span><span><span><span>PROJETOS NOVOS</span></span></span></span></h3>\r\n<p><span><span><span><span><br /></span></span></span></span></p>\r\n<p style=\"text-align: justify; \"><span><strong>Projeto de Lei n\u00ba 6/2025 -</strong>\u00a0</span><span>Disp\u00f5e sobre o pagamento de d\u00e9bitos p\u00fablicos, taxas, tarifas e demais despesas por meio de cart\u00e3o de d\u00e9bito, cr\u00e9dito e pix.\u00a0</span><span class=\"visualHighlight\"><em><strong>Encaminhado em regime de tramita\u00e7\u00e3o normal.</strong></em></span></p>\r\n<p style=\"text-align: justify; \"><span><span><strong>Projeto de Lei n\u00ba 7/2025 -</strong>\u00a0<span>Institui a pol\u00edtica de preven\u00e7\u00e3o \u00e0 viol\u00eancia contra os educadores do munic\u00edpio de Alto Araguaia.\u00a0<span class=\"visualHighlight\"><em><strong>Encaminhado em regime de tramita\u00e7\u00e3o normal.</strong></em></span></span></span></span></p>\r\n<p style=\"text-align: justify; \"><strong>Autora: Polleyka Fraga</strong></p>\r\n<p style=\"text-align: justify; \">\u00a0</p>\r\n<p style=\"text-align: justify; \"><span><strong>Projeto de Lei n\u00ba 8/2025 -</strong>\u00a0<span>Institui o Programa \u201cSa\u00fade Bucal nas Escolas\u201d no munic\u00edpio de Alto Araguaia e d\u00e1 outras provid\u00eancias.\u00a0<span class=\"visualHighlight\"><em><strong>Encaminhado em regime de tramita\u00e7\u00e3o normal.</strong></em></span></span></span></p>\r\n<p style=\"text-align: justify; \"><strong>Autora: Martha Maia</strong></p>\r\n<p style=\"text-align: justify; \">\u00a0</p>\r\n<h2 style=\"text-align: center; \">INDICA\u00c7\u00d5ES / REQUERIMENTO / MO\u00c7\u00c3O</h2>\r\n<p style=\"text-align: justify; \">\u00a0</p>\r\n<p style=\"text-align: justify; \"><span><strong>Mo\u00e7\u00e3o de Congratula\u00e7\u00f5es e Aplausos n\u00ba 4/2025 -\u00a0</strong><span>Mo\u00e7\u00e3o de aplausos a equipe de policiais do 15\u00b0 BMP de Alto Araguaia-MT e 46\u00ba BPM de Santa Rita do Araguaia-GO que atuaram na linha frente na captura dos foragidos do Presidio de Mineiros GO. <span class=\"visualHighlight\"><em><strong>Aprovada</strong></em></span></span></span></p>\r\n<p style=\"text-align: justify; \"><strong>Autor: Bruno Peron</strong></p>\r\n<p style=\"text-align: justify; \">\u00a0</p>\r\n<p style=\"text-align: justify; \"><span><strong>Indica\u00e7\u00e3o n\u00ba 47/2025 -</strong>\u00a0<span>Indica a necessidade urgente de manuten\u00e7\u00e3o e reparo na ilumina\u00e7\u00e3o da quadra poliesportiva localizada no bairro Jardim Novo Araguaia.<span class=\"visualHighlight\"><em><strong> Lida e encaminhada.</strong></em></span></span></span></p>\r\n<p style=\"text-align: justify; \"><span><span><span><strong>Requerimento n\u00ba 17/2025 -</strong>\u00a0<span>Requer informa\u00e7\u00f5es detalhadas acerca dos pagamentos de empr\u00e9stimos consignados descontados diretamente da folha salarial dos servidores p\u00fablicos municipais durante o exerc\u00edcio de 2024.<span class=\"visualHighlight\"><em><strong> Aprovado</strong></em></span></span></span></span></span></p>\r\n<p style=\"text-align: justify; \"><strong>Autora: Martha Maia</strong></p>\r\n<p style=\"text-align: justify; \"><span><span><span><span><br /></span></span></span></span></p>\r\n<p style=\"text-align: justify; \"><span><span><span><span><span><strong>Indica\u00e7\u00e3o n\u00ba 49/2025 -</strong>\u00a0<span>\u201c Solicitar que seja analisada a possibilidade de formaliza\u00e7\u00e3o de novo conv\u00eanio com o Programa MT Iluminado, visando a instala\u00e7\u00e3o de ilumina\u00e7\u00e3o p\u00fablica nos locais que ainda n\u00e3o disp\u00f5em de ilumina\u00e7\u00e3o, bem como a realiza\u00e7\u00e3o da manuten\u00e7\u00e3o nas \u00e1reas que j\u00e1 est\u00e3o iluminadas, mas que necessitam de reparos\". <span class=\"visualHighlight\"><em><strong>Lida e encaminhada.</strong></em></span></span></span></span></span></span></span></p>\r\n<p style=\"text-align: justify; \"><strong>Autores: Fabiano do G\u00e1s e R\u00e9gis Oliveira</strong></p>\r\n<p style=\"text-align: justify; \">\u00a0</p>\r\n<p style=\"text-align: justify; \"><span><strong>Indica\u00e7\u00e3o n\u00ba 50/2025 -</strong>\u00a0<span>Sugerindo que seja enviado m\u00e1quinas para o assentamento do C\u00f3rrego Rico e produtores pr\u00f3ximos a regi\u00e3o para que sejam constru\u00eddos tanques de peixes para os sitiantes daquela localidade. <span class=\"visualHighlight\"><em><strong>Lida e encaminhada.</strong></em></span></span></span></p>\r\n<p style=\"text-align: justify; \"><span><span><span><strong>Indica\u00e7\u00e3o n\u00ba 51/2025 -\u00a0</strong><span>Sugerindo que seja realizado um policiamento no Distrito do Buriti, assegurando a seguran\u00e7a p\u00fablica dos mun\u00edcipes daquela regi\u00e3o.\u00a0<span>\u00a0<span class=\"visualHighlight\"><em><strong>Lida e encaminhada.</strong></em></span></span></span></span></span></span></p>\r\n<p style=\"text-align: justify; \"><span><strong>Indica\u00e7\u00e3o n\u00ba 52/2025 -</strong>\u00a0<span>sugerindo que seja realizada a implementa\u00e7\u00e3o de uma farm\u00e1cia no posto de sa\u00fade Vanessa Walter, localizado na rua R. Benedito Jos\u00e9 da Costa - Aeroporto, a fim de atender a comunidade dos quatro bairros, Vila Aeroporto, bairro Nossa Senhora Aparecida, bairro Maria das Gra\u00e7as e bairro Parque do Serrado.\u00a0<span>\u00a0<em><strong><span class=\"visualHighlight\">Lida e encaminhada.</span></strong></em></span></span></span></p>\r\n<p style=\"text-align: justify; \"><strong>Autor: Ad\u00e3o da Madeireira</strong></p>\r\n<p style=\"text-align: justify; \"><span><br /></span></p>\r\n<p style=\"text-align: justify; \"><span><strong>Indica\u00e7\u00e3o n\u00ba 48/2025 -</strong>\u00a0<span>\u201cQue disponibilizem alimenta\u00e7\u00e3o para os pacientes que necessitam se deslocar para a cidade de Rondon\u00f3polis a fim de realizar consultas, exames ou tratamentos m\u00e9dicos por meio do transporte disponibilizado pela Secretaria Municipal de Sa\u00fade.\u201d\u00a0<span>\u00a0<span class=\"visualHighlight\"><em><strong>Lida e encaminhada.</strong></em></span></span></span></span></p>\r\n<p style=\"text-align: justify; \"><strong>Autor: Marcos Nunes</strong></p>\r\n<p style=\"text-align: justify; \">\u00a0</p>\r\n<p style=\"text-align: justify; \"><span><span><br /></span></span></p>", "author_name": "", "version": "1.0", "author_url": "https://www.altoaraguaia.mt.leg.br/author/adm", "provider_name": "C\u00c2MARA MUNICIPAL DE ALTO ARAGUAIA", "type": "rich"}